{"id":52435,"date":"2026-09-03T12:22:55","date_gmt":"2026-09-03T10:22:55","guid":{"rendered":"https:\/\/solobarcos.es\/?p=52435"},"modified":"2026-09-03T17:02:05","modified_gmt":"2026-09-03T15:02:05","slug":"guia-fondeo-alicante-normativa-calas","status":"publish","type":"post","link":"https:\/\/solobarcos.es\/en\/guia-fondeo-alicante-normativa-calas\/","title":{"rendered":"Gu\u00eda de Fondeo en la Provincia de Alicante"},"content":{"rendered":"<div style=\"font-family: Arial, Helvetica, sans-serif; color: #1e293b; background-color: #ffffff; line-height: 1.5; max-width: 100%; margin: 0 auto; padding: 0 0 15px 0;\">\n    <!-- Introducci\u00f3n --><\/p>\n<p style=\"font-size: 16px; font-weight: 600; text-align: center; color: #0284c7; margin: 0 0 12px 0;\">\u2726 Navegaci\u00f3n Responsable y Conservaci\u00f3n N\u00e1utica \u2726<\/p><div class=\"solob-contenido solob-entity-placement\" id=\"solob-2460711803\"><div id=\"solob-1538196851\"><a href=\"https:\/\/www.interyachts.es\" target=\"_blank\" aria-label=\"Banner Interyachts horizontal\"><img src=\"https:\/\/solobarcos.es\/wp-content\/uploads\/2026\/07\/Banner-Interyachts-horizontal.png\" alt=\"\"  srcset=\"https:\/\/solobarcos.es\/wp-content\/uploads\/2026\/07\/Banner-Interyachts-horizontal.png 2172w, https:\/\/solobarcos.es\/wp-content\/uploads\/2026\/07\/Banner-Interyachts-horizontal-300x100.png 300w, https:\/\/solobarcos.es\/wp-content\/uploads\/2026\/07\/Banner-Interyachts-horizontal-640x213.png 640w, https:\/\/solobarcos.es\/wp-content\/uploads\/2026\/07\/Banner-Interyachts-horizontal-768x256.png 768w, https:\/\/solobarcos.es\/wp-content\/uploads\/2026\/07\/Banner-Interyachts-horizontal-1536x512.png 1536w, https:\/\/solobarcos.es\/wp-content\/uploads\/2026\/07\/Banner-Interyachts-horizontal-2048x683.png 2048w, https:\/\/solobarcos.es\/wp-content\/uploads\/2026\/07\/Banner-Interyachts-horizontal-750x250.png 750w\" sizes=\"(max-width: 2172px) 100vw, 2172px\" class=\"no-lazyload\" width=\"2172\" height=\"724\"   \/><\/a><\/div><\/div>\n<p style=\"margin: 0 0 10px 0; font-size: 15px; color: #334155;\">La provincia de Alicante ofrece algunos de los parajes n\u00e1uticos m\u00e1s atractivos del Mediterr\u00e1neo espa\u00f1ol. Desde los impresionantes acantilados de J\u00e1vea y Calpe hasta las cristalinas aguas de Tabarca, navegar por la Costa Blanca es un aut\u00e9ntico privilegio. Sin embargo, para preservar este entorno y evitar fuertes sanciones, es fundamental conocer d\u00f3nde y c\u00f3mo se puede fondear adecuadamente.<\/p>\n<p style=\"margin: 0 0 15px 0; font-size: 15px; color: #334155;\">A continuaci\u00f3n, detallamos la normativa general y el estado del fondeo (boyas vs. ancla) por las principales zonas de la costa alicantina.<\/p>\n<p>    <!-- Secci\u00f3n 1 --><br \/>\n    <strong style=\"color: #0f172a; font-size: 18px; display: block; margin: 15px 0 8px 0; border-bottom: 2px solid #e2e8f0; padding-bottom: 4px;\">1. Regla de Oro: Protecci\u00f3n de la Posidonia Oceanica<\/strong><\/p>\n<p style=\"margin: 0 0 10px 0; font-size: 15px; color: #334155;\">En la Comunidad Valenciana, el fondeo est\u00e1 estrictamente regulado por el Decreto de Protecci\u00f3n de la Posidonia Oceanica. Esta planta marina protegida es clave para la salud y transparencia de nuestras aguas.<\/p>\n<ul style=\"margin: 0 0 12px 20px; color: #334155; font-size: 15px; line-height: 1.6;\">\n<li><strong>Prohibici\u00f3n total:<\/strong> Est\u00e1 prohibido garrear o tirar el ancla sobre praderas de Posidonia.<\/li>\n<li><strong>Anclaje permitido:<\/strong> Solo se permite el anclaje libre sobre fondos de arena, grava o fango.<\/li>\n<li><strong>Sanciones:<\/strong> Fondear sobre posidonia puede conllevar multas considerables impuestas por el Servicio Mar\u00edtimo de la Guardia Civil y Agentes Medioambientales.<\/li>\n<\/ul>\n<p>    <!-- Tip N\u00e1utico --><\/p>\n<div style=\"background-color: #f0f9ff; border-left: 4px solid #0284c7; padding: 12px 15px; margin: 12px 0; border-radius: 0 6px 6px 0;\">\n<p style=\"margin: 0 !important; font-size: 14px !important; color: #0369a1 !important; font-weight: 500 !important;\">\ud83d\udca1 <strong style=\"color: #0284c7;\">Consejo pr\u00e1ctico SoloBarcos:<\/strong> Utiliza gafas de buceo o aplicaciones n\u00e1uticas de cartograf\u00eda de fondos (como GVA Posidonia) antes de filar cadena para comprobar que el ancla descansar\u00e1 exclusivamente sobre arena.<\/p>\n<\/p><\/div>\n<p>    <!-- Secci\u00f3n 2: Zona por Zona --><br \/>\n    <strong style=\"color: #0f172a; font-size: 18px; display: block; margin: 18px 0 8px 0; border-bottom: 2px solid #e2e8f0; padding-bottom: 4px;\">2. Fondeo Zona por Zona en la Provincia de Alicante<\/strong><\/p>\n<p>    <!-- A. Marina Alta --><br \/>\n    <strong style=\"color: #0284c7; font-size: 16px; display: block; margin: 12px 0 6px 0;\">A. Marina Alta (Denia, J\u00e1vea, Teulada-Moraira, Benissa)<\/strong><\/p>\n<p style=\"margin: 0 0 8px 0; font-size: 15px; color: #334155;\">Esta zona se caracteriza por sus calas acantiladas y alta densidad de embarcaciones durante la temporada estival.<\/p>\n<p style=\"margin: 0 0 4px 0; font-size: 15px; color: #0f172a;\"><strong>J\u00e1vea (Cala Granadella, Cala Portitxol, Cala Blanca, En Cal\u00f3):<\/strong><\/p>\n<ul style=\"margin: 0 0 10px 20px; color: #334155; font-size: 15px; line-height: 1.6;\">\n<li><strong>Boyas de fondeo:<\/strong> Instaladas durante el verano (habitualmente de junio a septiembre). Es obligatorio usar estas boyas en las zonas balizadas.<\/li>\n<li><strong>Ancla:<\/strong> Estrictamente prohibido sobre posidonia. Si las boyas est\u00e1n ocupadas, debes fondear fuera del per\u00edmetro delimitado y \u00fanicamente sobre arena.<\/li>\n<\/ul>\n<p style=\"margin: 0 0 4px 0; font-size: 15px; color: #0f172a;\"><strong>Denia (Reserva Marina del Cabo de San Antonio y Les Rotes):<\/strong><\/p>\n<ul style=\"margin: 0 0 10px 20px; color: #334155; font-size: 15px; line-height: 1.6;\">\n<li><strong>Reserva Marina:<\/strong> En la zona protegida del Cabo de San Antonio, el fondeo est\u00e1 totalmente restringido o sujeto a permisos y boyas espec\u00edficas.<\/li>\n<li><strong>Les Marines \/ Les Rotes:<\/strong> Anclaje permitido \u00fanicamente en zonas de arena clara fuera de la zona de ba\u00f1o balizada (200 metros).<\/li>\n<\/ul>\n<p style=\"margin: 0 0 4px 0; font-size: 15px; color: #0f172a;\"><strong>Moraira y Benissa (Cala El Portet, Cala Fustera, Cala Advocat):<\/strong><\/p>\n<ul style=\"margin: 0 0 12px 20px; color: #334155; font-size: 15px; line-height: 1.6;\">\n<li><strong>Cala El Portet:<\/strong> Dispone de campo de boyas ecol\u00f3gicas en verano. Se completa r\u00e1pido por su excelente resguardo.<\/li>\n<li><strong>Anclaje:<\/strong> Si no hay boya, busca exclusivamente claros de arena alejados de las matas de posidonia.<\/li>\n<\/ul>\n<p>    <!-- B. Marina Baixa --><br \/>\n    <strong style=\"color: #0284c7; font-size: 16px; display: block; margin: 15px 0 6px 0;\">B. Marina Baixa (Calpe, Altea, Alfaz del Pi, Benidorm)<\/strong><\/p>\n<p style=\"margin: 0 0 4px 0; font-size: 15px; color: #0f172a;\"><strong>Calpe (Cala El Rac\u00f3, Cantal Roig, Pe\u00f1\u00f3n de Ifach):<\/strong><\/p>\n<ul style=\"margin: 0 0 10px 20px; color: #334155; font-size: 15px; line-height: 1.6;\">\n<li><strong>Entorno del Pe\u00f1\u00f3n:<\/strong> Fondeo habitual sobre arena al abrigo del Pe\u00f1\u00f3n seg\u00fan el viento (Levante o Poniente). Respetar las distancias de seguridad.<\/li>\n<\/ul>\n<p style=\"margin: 0 0 4px 0; font-size: 15px; color: #0f172a;\"><strong>Altea (Isla de Altea, Cala del Soio, Cap Negret):<\/strong><\/p>\n<ul style=\"margin: 0 0 10px 20px; color: #334155; font-size: 15px; line-height: 1.6;\">\n<li><strong>Isla de Altea:<\/strong> Excelente punto para fondear sobre parches de arena clara.<\/li>\n<li><strong>Boyas \/ Ancla:<\/strong> Fondeo habitual a hierro (ancla), asegur\u00e1ndose de caer sobre arena limpia.<\/li>\n<\/ul>\n<p style=\"margin: 0 0 4px 0; font-size: 15px; color: #0f172a;\"><strong>Benidorm e Isla de Benidorm:<\/strong><\/p>\n<ul style=\"margin: 0 0 12px 20px; color: #334155; font-size: 15px; line-height: 1.6;\">\n<li><strong>Isla de Benidorm:<\/strong> Dispone de embarcaderos y puntos con boyas espec\u00edficas en su cara resguardada.<\/li>\n<li><strong>Playas de Levante y Poniente:<\/strong> Fondeo libre fuera de la franja balizada de 200 m, siempre en fondo arenoso.<\/li>\n<\/ul>\n<p>    <!-- C. L'Alacant\u00ed y Vega Baja --><br \/>\n    <strong style=\"color: #0284c7; font-size: 16px; display: block; margin: 15px 0 6px 0;\">C. L&#8217;Alacant\u00ed y Vega Baja (Alicante, Tabarca, Santa Pola, Torrevieja)<\/strong><\/p>\n<p style=\"margin: 0 0 4px 0; font-size: 15px; color: #0f172a;\"><strong>Isla de Tabarca (Reserva Marina):<\/strong><\/p>\n<ul style=\"margin: 0 0 10px 20px; color: #334155; font-size: 15px; line-height: 1.6;\">\n<li><strong>Normativa especial:<\/strong> Primera Reserva Marina declarada en Espa\u00f1a.<\/li>\n<li><strong>Boyas:<\/strong> Campos de boyas instalados en la cara sur\/este de la isla.<\/li>\n<li><strong>Anclaje:<\/strong> Fuertemente controlado y limitado a zonas permitidas de arena fuera de la reserva estricta. Queda prohibido anclar o garrear en zonas de posidonia.<\/li>\n<\/ul>\n<p style=\"margin: 0 0 4px 0; font-size: 15px; color: #0f172a;\"><strong>Alicante (Cabo de la Huerta y Playa de San Juan):<\/strong><\/p>\n<ul style=\"margin: 0 0 10px 20px; color: #334155; font-size: 15px; line-height: 1.6;\">\n<li><strong>Cabo de la Huerta:<\/strong> Fondos mixtos de roca y arena. Extremar la precauci\u00f3n para enganchar el ancla \u00fanicamente en manchas de arena clara.<\/li>\n<\/ul>\n<p style=\"margin: 0 0 4px 0; font-size: 15px; color: #0f172a;\"><strong>Santa Pola y Torrevieja:<\/strong><\/p>\n<ul style=\"margin: 0 0 12px 20px; color: #334155; font-size: 15px; line-height: 1.6;\">\n<li>Predominio de fondos de arena fina. El anclaje libre est\u00e1 permitido respetando las balizas de ba\u00f1o (200 metros en playas y 50 metros en costas no balizadas).<\/li>\n<\/ul>\n<p>    <!-- Secci\u00f3n 3: Seguridad --><br \/>\n    <strong style=\"color: #0f172a; font-size: 18px; display: block; margin: 18px 0 8px 0; border-bottom: 2px solid #e2e8f0; padding-bottom: 4px;\">3. Normas Generales de Seguridad y Convivencia<\/strong><\/p>\n<ul style=\"margin: 0 0 15px 20px; color: #334155; font-size: 15px; line-height: 1.6;\">\n<li><strong>Distancia a la costa:<\/strong> Prohibido navegar o fondear dentro de la zona de ba\u00f1o (200 m en playas, 50 m en resto de la costa). El acceso a tierra solo se realiza por los canales de balizamiento a velocidad reducida (&lt; 3 nudos).<\/li>\n<li><strong>Uso de boyas:<\/strong> Respeta la eslora m\u00e1xima indicada. No amarres m\u00e1s de una embarcaci\u00f3n a la misma boya salvo autorizaci\u00f3n expl\u00edcita.<\/li>\n<\/ul>\n<p>    <!-- Secci\u00f3n 4: Tabla Completa --><br \/>\n    <strong style=\"color: #0f172a; font-size: 18px; display: block; margin: 18px 0 8px 0; border-bottom: 2px solid #e2e8f0; padding-bottom: 4px;\">4. Listado Completo de Calas y Fondeaderos de Alicante (Norte a Sur)<\/strong><\/p>\n<div style=\"width: 100%; overflow-x: auto; margin: 12px 0;\">\n<table style=\"width: 100%; border-collapse: collapse; font-family: Arial, sans-serif; font-size: 13px; text-align: left; border: 1px solid #cbd5e1;\">\n<thead>\n<tr style=\"background-color: #0f172a; color: #ffffff;\">\n<th style=\"padding: 8px; border: 1px solid #0f172a;\">Municipio<\/th>\n<th style=\"padding: 8px; border: 1px solid #0f172a;\">Cala \/ Fondeadero<\/th>\n<th style=\"padding: 8px; border: 1px solid #0f172a;\">\u00bfHay Boyas?<\/th>\n<th style=\"padding: 8px; border: 1px solid #0f172a;\">\u00bfUso de Ancla?<\/th>\n<th style=\"padding: 8px; border: 1px solid #0f172a;\">Tipo de Fondo<\/th>\n<th style=\"padding: 8px; border: 1px solid #0f172a;\">Protecci\u00f3n Vientos<\/th>\n<\/tr>\n<\/thead>\n<tbody>\n          <!-- Denia --><\/p>\n<tr style=\"background-color: #ffffff;\">\n<td style=\"padding: 6px 8px; border: 1px solid #e2e8f0;\"><strong>Denia<\/strong><\/td>\n<td style=\"padding: 6px 8px; border: 1px solid #e2e8f0;\">Les Rotes \/ La Marineta<\/td>\n<td style=\"padding: 6px 8px; border: 1px solid #e2e8f0;\">No<\/td>\n<td style=\"padding: 6px 8px; border: 1px solid #e2e8f0;\">S\u00ed (a +200m)<\/td>\n<td style=\"padding: 6px 8px; border: 1px solid #e2e8f0;\">Arena \/ Roca mixta<\/td>\n<td style=\"padding: 6px 8px; border: 1px solid #e2e8f0;\">Oeste \/ Suroeste<\/td>\n<\/tr>\n<tr style=\"background-color: #f8fafc;\">\n<td style=\"padding: 6px 8px; border: 1px solid #e2e8f0;\"><strong>Denia \/ J\u00e1vea<\/strong><\/td>\n<td style=\"padding: 6px 8px; border: 1px solid #e2e8f0;\">Cabo San Antonio (Reserva)<\/td>\n<td style=\"padding: 6px 8px; border: 1px solid #e2e8f0;\">S\u00ed (Limitadas)<\/td>\n<td style=\"padding: 6px 8px; border: 1px solid #e2e8f0; color: #dc2626;\"><strong>Prohibido<\/strong><\/td>\n<td style=\"padding: 6px 8px; border: 1px solid #e2e8f0;\">Posidonia \/ Roca<\/td>\n<td style=\"padding: 6px 8px; border: 1px solid #e2e8f0;\">Sur \/ Suroeste<\/td>\n<\/tr>\n<p>          <!-- J\u00e1vea --><\/p>\n<tr style=\"background-color: #ffffff;\">\n<td style=\"padding: 6px 8px; border: 1px solid #e2e8f0;\"><strong>J\u00e1vea<\/strong><\/td>\n<td style=\"padding: 6px 8px; border: 1px solid #e2e8f0;\">Cala Tang\u00f3 \/ El Pope<\/td>\n<td style=\"padding: 6px 8px; border: 1px solid #e2e8f0;\">No<\/td>\n<td style=\"padding: 6px 8px; border: 1px solid #e2e8f0;\">Solo en arena<\/td>\n<td style=\"padding: 6px 8px; border: 1px solid #e2e8f0;\">Roca y arena limpia<\/td>\n<td style=\"padding: 6px 8px; border: 1px solid #e2e8f0;\">Sur \/ Suroeste<\/td>\n<\/tr>\n<tr style=\"background-color: #f8fafc;\">\n<td style=\"padding: 6px 8px; border: 1px solid #e2e8f0;\"><strong>J\u00e1vea<\/strong><\/td>\n<td style=\"padding: 6px 8px; border: 1px solid #e2e8f0;\">Cala Blanca \/ Caleta<\/td>\n<td style=\"padding: 6px 8px; border: 1px solid #e2e8f0;\">S\u00ed (Verano)<\/td>\n<td style=\"padding: 6px 8px; border: 1px solid #e2e8f0;\">Solo fuera de boyas<\/td>\n<td style=\"padding: 6px 8px; border: 1px solid #e2e8f0;\">Arena y posidonia<\/td>\n<td style=\"padding: 6px 8px; border: 1px solid #e2e8f0;\">Oeste \/ Norte<\/td>\n<\/tr>\n<tr style=\"background-color: #ffffff;\">\n<td style=\"padding: 6px 8px; border: 1px solid #e2e8f0;\"><strong>J\u00e1vea<\/strong><\/td>\n<td style=\"padding: 6px 8px; border: 1px solid #e2e8f0;\">Cala Sardinera<\/td>\n<td style=\"padding: 6px 8px; border: 1px solid #e2e8f0;\">S\u00ed (Verano)<\/td>\n<td style=\"padding: 6px 8px; border: 1px solid #e2e8f0;\">Restringido<\/td>\n<td style=\"padding: 6px 8px; border: 1px solid #e2e8f0;\">Posidonia y arena<\/td>\n<td style=\"padding: 6px 8px; border: 1px solid #e2e8f0;\">Sur \/ Suroeste<\/td>\n<\/tr>\n<tr style=\"background-color: #f8fafc;\">\n<td style=\"padding: 6px 8px; border: 1px solid #e2e8f0;\"><strong>J\u00e1vea<\/strong><\/td>\n<td style=\"padding: 6px 8px; border: 1px solid #e2e8f0;\">Cala Portitxol \/ Isla Portitxol<\/td>\n<td style=\"padding: 6px 8px; border: 1px solid #e2e8f0;\">S\u00ed (Verano)<\/td>\n<td style=\"padding: 6px 8px; border: 1px solid #e2e8f0;\">Solo en manchas de arena<\/td>\n<td style=\"padding: 6px 8px; border: 1px solid #e2e8f0;\">Posidonia \/ Gravilla<\/td>\n<td style=\"padding: 6px 8px; border: 1px solid #e2e8f0;\">Norte \/ Suroeste<\/td>\n<\/tr>\n<tr style=\"background-color: #ffffff;\">\n<td style=\"padding: 6px 8px; border: 1px solid #e2e8f0;\"><strong>J\u00e1vea<\/strong><\/td>\n<td style=\"padding: 6px 8px; border: 1px solid #e2e8f0;\">En Cal\u00f3 \/ Cova del Llop Mar\u00ed<\/td>\n<td style=\"padding: 6px 8px; border: 1px solid #e2e8f0;\">S\u00ed (Verano)<\/td>\n<td style=\"padding: 6px 8px; border: 1px solid #e2e8f0; color: #dc2626;\"><strong>Prohibido<\/strong><\/td>\n<td style=\"padding: 6px 8px; border: 1px solid #e2e8f0;\">Posidonia denso<\/td>\n<td style=\"padding: 6px 8px; border: 1px solid #e2e8f0;\">Norte \/ Noroeste<\/td>\n<\/tr>\n<tr style=\"background-color: #f8fafc;\">\n<td style=\"padding: 6px 8px; border: 1px solid #e2e8f0;\"><strong>J\u00e1vea<\/strong><\/td>\n<td style=\"padding: 6px 8px; border: 1px solid #e2e8f0;\">Cala Granadella<\/td>\n<td style=\"padding: 6px 8px; border: 1px solid #e2e8f0;\">S\u00ed (Verano)<\/td>\n<td style=\"padding: 6px 8px; border: 1px solid #e2e8f0;\">Solo en arena limpia<\/td>\n<td style=\"padding: 6px 8px; border: 1px solid #e2e8f0;\">Posidonia y arena<\/td>\n<td style=\"padding: 6px 8px; border: 1px solid #e2e8f0;\">Norte \/ Noroeste<\/td>\n<\/tr>\n<tr style=\"background-color: #ffffff;\">\n<td style=\"padding: 6px 8px; border: 1px solid #e2e8f0;\"><strong>J\u00e1vea \/ Poble Nou<\/strong><\/td>\n<td style=\"padding: 6px 8px; border: 1px solid #e2e8f0;\">Cala del Moraig \/ Los Tiestos<\/td>\n<td style=\"padding: 6px 8px; border: 1px solid #e2e8f0;\">No<\/td>\n<td style=\"padding: 6px 8px; border: 1px solid #e2e8f0;\">S\u00ed (en arena)<\/td>\n<td style=\"padding: 6px 8px; border: 1px solid #e2e8f0;\">Gravilla y arena libre<\/td>\n<td style=\"padding: 6px 8px; border: 1px solid #e2e8f0;\">Poniente \/ Norte<\/td>\n<\/tr>\n<p>          <!-- Moraira y Benissa --><\/p>\n<tr style=\"background-color: #f8fafc;\">\n<td style=\"padding: 6px 8px; border: 1px solid #e2e8f0;\"><strong>Moraira<\/strong><\/td>\n<td style=\"padding: 6px 8px; border: 1px solid #e2e8f0;\">Cala Llebeig<\/td>\n<td style=\"padding: 6px 8px; border: 1px solid #e2e8f0;\">No<\/td>\n<td style=\"padding: 6px 8px; border: 1px solid #e2e8f0;\">S\u00ed (Precauci\u00f3n)<\/td>\n<td style=\"padding: 6px 8px; border: 1px solid #e2e8f0;\">Roca y parches de arena<\/td>\n<td style=\"padding: 6px 8px; border: 1px solid #e2e8f0;\">Norte \/ Oeste<\/td>\n<\/tr>\n<tr style=\"background-color: #ffffff;\">\n<td style=\"padding: 6px 8px; border: 1px solid #e2e8f0;\"><strong>Moraira<\/strong><\/td>\n<td style=\"padding: 6px 8px; border: 1px solid #e2e8f0;\">Cala El Portet<\/td>\n<td style=\"padding: 6px 8px; border: 1px solid #e2e8f0;\">S\u00ed (Ecol\u00f3gicas)<\/td>\n<td style=\"padding: 6px 8px; border: 1px solid #e2e8f0;\">Solo fuera de balizas<\/td>\n<td style=\"padding: 6px 8px; border: 1px solid #e2e8f0;\">Arena clara y posidonia<\/td>\n<td style=\"padding: 6px 8px; border: 1px solid #e2e8f0;\">Norte \/ Levante suave<\/td>\n<\/tr>\n<tr style=\"background-color: #f8fafc;\">\n<td style=\"padding: 6px 8px; border: 1px solid #e2e8f0;\"><strong>Benissa<\/strong><\/td>\n<td style=\"padding: 6px 8px; border: 1px solid #e2e8f0;\">Cala Llobella \/ Advocat \/ Fustera<\/td>\n<td style=\"padding: 6px 8px; border: 1px solid #e2e8f0;\">No<\/td>\n<td style=\"padding: 6px 8px; border: 1px solid #e2e8f0;\">S\u00ed (Fondo claro)<\/td>\n<td style=\"padding: 6px 8px; border: 1px solid #e2e8f0;\">Arena y rocas libres<\/td>\n<td style=\"padding: 6px 8px; border: 1px solid #e2e8f0;\">Poniente<\/td>\n<\/tr>\n<p>          <!-- Calpe --><\/p>\n<tr style=\"background-color: #ffffff;\">\n<td style=\"padding: 6px 8px; border: 1px solid #e2e8f0;\"><strong>Calpe<\/strong><\/td>\n<td style=\"padding: 6px 8px; border: 1px solid #e2e8f0;\">Cala Calalga \/ Les Urques<\/td>\n<td style=\"padding: 6px 8px; border: 1px solid #e2e8f0;\">No<\/td>\n<td style=\"padding: 6px 8px; border: 1px solid #e2e8f0;\">S\u00ed<\/td>\n<td style=\"padding: 6px 8px; border: 1px solid #e2e8f0;\">Arena y grava fina<\/td>\n<td style=\"padding: 6px 8px; border: 1px solid #e2e8f0;\">Suroeste<\/td>\n<\/tr>\n<tr style=\"background-color: #f8fafc;\">\n<td style=\"padding: 6px 8px; border: 1px solid #e2e8f0;\"><strong>Calpe<\/strong><\/td>\n<td style=\"padding: 6px 8px; border: 1px solid #e2e8f0;\">Pe\u00f1\u00f3n de Ifach (Cara Norte\/Sur)<\/td>\n<td style=\"padding: 6px 8px; border: 1px solid #e2e8f0;\">No<\/td>\n<td style=\"padding: 6px 8px; border: 1px solid #e2e8f0;\">S\u00ed (A tenor de viento)<\/td>\n<td style=\"padding: 6px 8px; border: 1px solid #e2e8f0;\">Arena fina<\/td>\n<td style=\"padding: 6px 8px; border: 1px solid #e2e8f0;\">Seg\u00fan cara (Levante\/Poniente)<\/td>\n<\/tr>\n<tr style=\"background-color: #ffffff;\">\n<td style=\"padding: 6px 8px; border: 1px solid #e2e8f0;\"><strong>Calpe<\/strong><\/td>\n<td style=\"padding: 6px 8px; border: 1px solid #e2e8f0;\">Cala El Rac\u00f3 \/ Cantal Roig<\/td>\n<td style=\"padding: 6px 8px; border: 1px solid #e2e8f0;\">No<\/td>\n<td style=\"padding: 6px 8px; border: 1px solid #e2e8f0;\">S\u00ed<\/td>\n<td style=\"padding: 6px 8px; border: 1px solid #e2e8f0;\">Arena limpia<\/td>\n<td style=\"padding: 6px 8px; border: 1px solid #e2e8f0;\">Norte \/ Noroeste<\/td>\n<\/tr>\n<tr style=\"background-color: #f8fafc;\">\n<td style=\"padding: 6px 8px; border: 1px solid #e2e8f0;\"><strong>Calpe \/ Altea<\/strong><\/td>\n<td style=\"padding: 6px 8px; border: 1px solid #e2e8f0;\">Cala del Gasparot \/ Mascarat<\/td>\n<td style=\"padding: 6px 8px; border: 1px solid #e2e8f0;\">No<\/td>\n<td style=\"padding: 6px 8px; border: 1px solid #e2e8f0;\">S\u00ed<\/td>\n<td style=\"padding: 6px 8px; border: 1px solid #e2e8f0;\">Roca y clara de arena<\/td>\n<td style=\"padding: 6px 8px; border: 1px solid #e2e8f0;\">Norte \/ Este<\/td>\n<\/tr>\n<p>          <!-- Altea y Alfaz --><\/p>\n<tr style=\"background-color: #ffffff;\">\n<td style=\"padding: 6px 8px; border: 1px solid #e2e8f0;\"><strong>Altea<\/strong><\/td>\n<td style=\"padding: 6px 8px; border: 1px solid #e2e8f0;\">Isla de Altea \/ Olla de Altea<\/td>\n<td style=\"padding: 6px 8px; border: 1px solid #e2e8f0;\">No<\/td>\n<td style=\"padding: 6px 8px; border: 1px solid #e2e8f0;\">S\u00ed (Fondo excelente)<\/td>\n<td style=\"padding: 6px 8px; border: 1px solid #e2e8f0;\">Arena fina y limpia<\/td>\n<td style=\"padding: 6px 8px; border: 1px solid #e2e8f0;\">Oeste \/ Suroeste<\/td>\n<\/tr>\n<tr style=\"background-color: #f8fafc;\">\n<td style=\"padding: 6px 8px; border: 1px solid #e2e8f0;\"><strong>Alfaz del Pi<\/strong><\/td>\n<td style=\"padding: 6px 8px; border: 1px solid #e2e8f0;\">Cala del Metge \/ Albir \/ Mina<\/td>\n<td style=\"padding: 6px 8px; border: 1px solid #e2e8f0;\">No<\/td>\n<td style=\"padding: 6px 8px; border: 1px solid #e2e8f0;\">S\u00ed<\/td>\n<td style=\"padding: 6px 8px; border: 1px solid #e2e8f0;\">Grava fina y arena<\/td>\n<td style=\"padding: 6px 8px; border: 1px solid #e2e8f0;\">Sur \/ Suroeste<\/td>\n<\/tr>\n<p>          <!-- Benidorm --><\/p>\n<tr style=\"background-color: #ffffff;\">\n<td style=\"padding: 6px 8px; border: 1px solid #e2e8f0;\"><strong>Benidorm<\/strong><\/td>\n<td style=\"padding: 6px 8px; border: 1px solid #e2e8f0;\">Cala del T\u00edo Ximo \/ Cala Almadrava<\/td>\n<td style=\"padding: 6px 8px; border: 1px solid #e2e8f0;\">No<\/td>\n<td style=\"padding: 6px 8px; border: 1px solid #e2e8f0;\">S\u00ed (atenci\u00f3n zona ba\u00f1o)<\/td>\n<td style=\"padding: 6px 8px; border: 1px solid #e2e8f0;\">Roca y parches de arena<\/td>\n<td style=\"padding: 6px 8px; border: 1px solid #e2e8f0;\">Norte \/ Noroeste<\/td>\n<\/tr>\n<tr style=\"background-color: #f8fafc;\">\n<td style=\"padding: 6px 8px; border: 1px solid #e2e8f0;\"><strong>Benidorm<\/strong><\/td>\n<td style=\"padding: 6px 8px; border: 1px solid #e2e8f0;\">Isla de Benidorm (L&#8217;Illa)<\/td>\n<td style=\"padding: 6px 8px; border: 1px solid #e2e8f0;\">S\u00ed (Uso p\u00fablico)<\/td>\n<td style=\"padding: 6px 8px; border: 1px solid #e2e8f0; color: #dc2626;\"><strong>Restringido<\/strong><\/td>\n<td style=\"padding: 6px 8px; border: 1px solid #e2e8f0;\">Fondo rocoso protegido<\/td>\n<td style=\"padding: 6px 8px; border: 1px solid #e2e8f0;\">Norte<\/td>\n<\/tr>\n<tr style=\"background-color: #ffffff;\">\n<td style=\"padding: 6px 8px; border: 1px solid #e2e8f0;\"><strong>Benidorm \/ Villajoyosa<\/strong><\/td>\n<td style=\"padding: 6px 8px; border: 1px solid #e2e8f0;\">Cala Morales \/ La La Vila \/ Rac\u00f3 Conill<\/td>\n<td style=\"padding: 6px 8px; border: 1px solid #e2e8f0;\">No<\/td>\n<td style=\"padding: 6px 8px; border: 1px solid #e2e8f0;\">S\u00ed<\/td>\n<td style=\"padding: 6px 8px; border: 1px solid #e2e8f0;\">Arena y piedras peque\u00f1as<\/td>\n<td style=\"padding: 6px 8px; border: 1px solid #e2e8f0;\">Norte<\/td>\n<\/tr>\n<p>          <!-- El Campello y Alicante --><\/p>\n<tr style=\"background-color: #f8fafc;\">\n<td style=\"padding: 6px 8px; border: 1px solid #e2e8f0;\"><strong>El Campello<\/strong><\/td>\n<td style=\"padding: 6px 8px; border: 1px solid #e2e8f0;\">Ba\u00f1os de la Reina \/ Cala Lanuza<\/td>\n<td style=\"padding: 6px 8px; border: 1px solid #e2e8f0;\">No<\/td>\n<td style=\"padding: 6px 8px; border: 1px solid #e2e8f0;\">S\u00ed<\/td>\n<td style=\"padding: 6px 8px; border: 1px solid #e2e8f0;\">Arena clara<\/td>\n<td style=\"padding: 6px 8px; border: 1px solid #e2e8f0;\">Poniente<\/td>\n<\/tr>\n<tr style=\"background-color: #ffffff;\">\n<td style=\"padding: 6px 8px; border: 1px solid #e2e8f0;\"><strong>Alicante<\/strong><\/td>\n<td style=\"padding: 6px 8px; border: 1px solid #e2e8f0;\">Cabo de la Huerta (Cala Cantalar \/ Palmera)<\/td>\n<td style=\"padding: 6px 8px; border: 1px solid #e2e8f0;\">No<\/td>\n<td style=\"padding: 6px 8px; border: 1px solid #e2e8f0;\">S\u00ed (Buscar manchas)<\/td>\n<td style=\"padding: 6px 8px; border: 1px solid #e2e8f0;\">Roca y calas de arena<\/td>\n<td style=\"padding: 6px 8px; border: 1px solid #e2e8f0;\">Poniente \/ Suroeste<\/td>\n<\/tr>\n<tr style=\"background-color: #f8fafc;\">\n<td style=\"padding: 6px 8px; border: 1px solid #e2e8f0;\"><strong>Alicante<\/strong><\/td>\n<td style=\"padding: 6px 8px; border: 1px solid #e2e8f0;\">Playa de San Juan \/ Muchavista<\/td>\n<td style=\"padding: 6px 8px; border: 1px solid #e2e8f0;\">No<\/td>\n<td style=\"padding: 6px 8px; border: 1px solid #e2e8f0;\">S\u00ed (A +200m)<\/td>\n<td style=\"padding: 6px 8px; border: 1px solid #e2e8f0;\">Arena fina (excelente)<\/td>\n<td style=\"padding: 6px 8px; border: 1px solid #e2e8f0;\">Poniente<\/td>\n<\/tr>\n<p>          <!-- Tabarca y Santa Pola --><\/p>\n<tr style=\"background-color: #ffffff;\">\n<td style=\"padding: 6px 8px; border: 1px solid #e2e8f0;\"><strong>Isla de Tabarca<\/strong><\/td>\n<td style=\"padding: 6px 8px; border: 1px solid #e2e8f0;\">Cara Sur \/ Campo de Boyas Reserva<\/td>\n<td style=\"padding: 6px 8px; border: 1px solid #e2e8f0;\">S\u00ed (Reserva)<\/td>\n<td style=\"padding: 6px 8px; border: 1px solid #e2e8f0; color: #dc2626;\"><strong>Prohibido en reserva<\/strong><\/td>\n<td style=\"padding: 6px 8px; border: 1px solid #e2e8f0;\">Posidonia protegida<\/td>\n<td style=\"padding: 6px 8px; border: 1px solid #e2e8f0;\">Norte \/ Noroeste<\/td>\n<\/tr>\n<tr style=\"background-color: #f8fafc;\">\n<td style=\"padding: 6px 8px; border: 1px solid #e2e8f0;\"><strong>Isla de Tabarca<\/strong><\/td>\n<td style=\"padding: 6px 8px; border: 1px solid #e2e8f0;\">Cara Norte (Fuera del n\u00facleo reserva)<\/td>\n<td style=\"padding: 6px 8px; border: 1px solid #e2e8f0;\">No<\/td>\n<td style=\"padding: 6px 8px; border: 1px solid #e2e8f0;\">Solo en parches de arena<\/td>\n<td style=\"padding: 6px 8px; border: 1px solid #e2e8f0;\">Arena y algas<\/td>\n<td style=\"padding: 6px 8px; border: 1px solid #e2e8f0;\">Sur \/ Suroeste<\/td>\n<\/tr>\n<tr style=\"background-color: #ffffff;\">\n<td style=\"padding: 6px 8px; border: 1px solid #e2e8f0;\"><strong>Santa Pola<\/strong><\/td>\n<td style=\"padding: 6px 8px; border: 1px solid #e2e8f0;\">Calas del Este \/ Cabo Santa Pola<\/td>\n<td style=\"padding: 6px 8px; border: 1px solid #e2e8f0;\">No<\/td>\n<td style=\"padding: 6px 8px; border: 1px solid #e2e8f0;\">S\u00ed<\/td>\n<td style=\"padding: 6px 8px; border: 1px solid #e2e8f0;\">Arena y roca llana<\/td>\n<td style=\"padding: 6px 8px; border: 1px solid #e2e8f0;\">Oeste \/ Noroeste<\/td>\n<\/tr>\n<p>          <!-- Guardamar y Torrevieja --><\/p>\n<tr style=\"background-color: #f8fafc;\">\n<td style=\"padding: 6px 8px; border: 1px solid #e2e8f0;\"><strong>Guardamar<\/strong><\/td>\n<td style=\"padding: 6px 8px; border: 1px solid #e2e8f0;\">Playa de Les Ortigues \/ Centro<\/td>\n<td style=\"padding: 6px 8px; border: 1px solid #e2e8f0;\">No<\/td>\n<td style=\"padding: 6px 8px; border: 1px solid #e2e8f0;\">S\u00ed<\/td>\n<td style=\"padding: 6px 8px; border: 1px solid #e2e8f0;\">Arena limpia uniforme<\/td>\n<td style=\"padding: 6px 8px; border: 1px solid #e2e8f0;\">Poniente<\/td>\n<\/tr>\n<tr style=\"background-color: #ffffff;\">\n<td style=\"padding: 6px 8px; border: 1px solid #e2e8f0;\"><strong>Torrevieja<\/strong><\/td>\n<td style=\"padding: 6px 8px; border: 1px solid #e2e8f0;\">Cala Ferri \/ Cala Piteras<\/td>\n<td style=\"padding: 6px 8px; border: 1px solid #e2e8f0;\">No<\/td>\n<td style=\"padding: 6px 8px; border: 1px solid #e2e8f0;\">S\u00ed (Parches de arena)<\/td>\n<td style=\"padding: 6px 8px; border: 1px solid #e2e8f0;\">Posidonia y arena mixta<\/td>\n<td style=\"padding: 6px 8px; border: 1px solid #e2e8f0;\">Poniente \/ Norte<\/td>\n<\/tr>\n<tr style=\"background-color: #f8fafc;\">\n<td style=\"padding: 6px 8px; border: 1px solid #e2e8f0;\"><strong>Orihuela Costa<\/strong><\/td>\n<td style=\"padding: 6px 8px; border: 1px solid #e2e8f0;\">Cala Capit\u00e1n \/ Cabo Roig<\/td>\n<td style=\"padding: 6px 8px; border: 1px solid #e2e8f0;\">No<\/td>\n<td style=\"padding: 6px 8px; border: 1px solid #e2e8f0;\">S\u00ed<\/td>\n<td style=\"padding: 6px 8px; border: 1px solid #e2e8f0;\">Arena fina<\/td>\n<td style=\"padding: 6px 8px; border: 1px solid #e2e8f0;\">Norte \/ Poniente<\/td>\n<\/tr>\n<\/tbody>\n<\/table><\/div>\n<\/div>\n","protected":false},"excerpt":{"rendered":"<p>Descubre d\u00f3nde y c\u00f3mo fonder en Alicante. Consulta la normativa de Posidonia, campos de boyas y el listado completo de calas de Denia a Torrevieja.<\/p>\n","protected":false},"author":1,"featured_media":52462,"comment_status":"closed","ping_status":"open","sticky":false,"template":"","format":"standard","meta":{"footnotes":""},"categories":[1,5458],"tags":[5459,5460,5465,5461,5464,5463,5462],"class_list":["post-52435","post","type-post","status-publish","format-standard","has-post-thumbnail","hentry","category-blog","category-fondeaderos","tag-alicante","tag-benidorm","tag-cabo-san-antonio","tag-cala-conill","tag-denia","tag-javea","tag-moraira"],"yoast_head":"<!-- This site is optimized with the Yoast SEO plugin v28.4 - https:\/\/yoast.com\/product\/yoast-seo-wordpress\/ -->\n<title>Gu\u00eda de Fondeo en la Provincia de Alicante - Solo barcos<\/title>\n<meta name=\"description\" content=\"Gu\u00eda de Fondeo en la Provincia de Alicante Fondeaderos Descubre d\u00f3nde y c\u00f3mo fonder en Alicante. Consulta la normativa de Posidonia, campos de boyas y el listado completo de calas de Denia a Torrevieja.\" \/>\n<meta name=\"robots\" content=\"index, follow, max-snippet:-1, max-image-preview:large, max-video-preview:-1\" \/>\n<link rel=\"canonical\" href=\"https:\/\/solobarcos.es\/en\/guia-fondeo-alicante-normativa-calas\/\" \/>\n<meta property=\"og:locale\" content=\"en_US\" \/>\n<meta property=\"og:type\" content=\"article\" \/>\n<meta property=\"og:title\" content=\"Gu\u00eda de Fondeo en la Provincia de Alicante - Solo barcos\" \/>\n<meta property=\"og:description\" content=\"Gu\u00eda de Fondeo en la Provincia de Alicante Fondeaderos Descubre d\u00f3nde y c\u00f3mo fonder en Alicante. Consulta la normativa de Posidonia, campos de boyas y el listado completo de calas de Denia a Torrevieja.\" \/>\n<meta property=\"og:url\" content=\"https:\/\/solobarcos.es\/en\/guia-fondeo-alicante-normativa-calas\/\" \/>\n<meta property=\"og:site_name\" content=\"Solo barcos\" \/>\n<meta property=\"article:publisher\" content=\"http:\/\/www.facebook.com\/solobarcos.es\" \/>\n<meta property=\"article:author\" content=\"https:\/\/www.facebook.com\/solobarcos.es\" \/>\n<meta property=\"article:published_time\" content=\"2026-09-03T10:22:55+00:00\" \/>\n<meta property=\"article:modified_time\" content=\"2026-09-03T15:02:05+00:00\" \/>\n<meta property=\"og:image\" content=\"https:\/\/solobarcos.es\/wp-content\/uploads\/2026\/09\/pexels-ahmed-mk-719700982-33517221-scaled-e1788447718502.jpg\" \/>\n\t<meta property=\"og:image:width\" content=\"1430\" \/>\n\t<meta property=\"og:image:height\" content=\"950\" \/>\n\t<meta property=\"og:image:type\" content=\"image\/jpeg\" \/>\n<meta name=\"author\" content=\"Rafa Terol\" \/>\n<meta name=\"twitter:card\" content=\"summary_large_image\" \/>\n<meta name=\"twitter:label1\" content=\"Written by\" \/>\n\t<meta name=\"twitter:data1\" content=\"Rafa Terol\" \/>\n\t<meta name=\"twitter:label2\" content=\"Est. reading time\" \/>\n\t<meta name=\"twitter:data2\" content=\"6 minutes\" \/>\n<script type=\"application\/ld+json\" class=\"yoast-schema-graph\">{\"@context\":\"https:\\\/\\\/schema.org\",\"@graph\":[{\"@type\":\"Article\",\"@id\":\"https:\\\/\\\/solobarcos.es\\\/en\\\/guia-fondeo-alicante-normativa-calas\\\/#article\",\"isPartOf\":{\"@id\":\"https:\\\/\\\/solobarcos.es\\\/en\\\/guia-fondeo-alicante-normativa-calas\\\/\"},\"author\":{\"name\":\"Rafa Terol\",\"@id\":\"https:\\\/\\\/solobarcos.es\\\/en\\\/#\\\/schema\\\/person\\\/b57a7bb9365ac88fec2fa61b41cc385d\"},\"headline\":\"Gu\u00eda de Fondeo en la Provincia de Alicante\",\"datePublished\":\"2026-09-03T10:22:55+00:00\",\"dateModified\":\"2026-09-03T15:02:05+00:00\",\"mainEntityOfPage\":{\"@id\":\"https:\\\/\\\/solobarcos.es\\\/en\\\/guia-fondeo-alicante-normativa-calas\\\/\"},\"wordCount\":1236,\"publisher\":{\"@id\":\"https:\\\/\\\/solobarcos.es\\\/en\\\/#organization\"},\"image\":{\"@id\":\"https:\\\/\\\/solobarcos.es\\\/en\\\/guia-fondeo-alicante-normativa-calas\\\/#primaryimage\"},\"thumbnailUrl\":\"https:\\\/\\\/solobarcos.es\\\/wp-content\\\/uploads\\\/2026\\\/09\\\/pexels-ahmed-mk-719700982-33517221-scaled-e1788447718502.jpg\",\"keywords\":[\"Alicante\",\"Benidorm\",\"Cabo San Antonio\",\"Cala Conill\",\"D\u00e9nia\",\"J\u00e1vea\",\"Moraira\"],\"articleSection\":[\"Blog n\u00e1utico\",\"Fondeaderos\"],\"inLanguage\":\"en-US\"},{\"@type\":\"WebPage\",\"@id\":\"https:\\\/\\\/solobarcos.es\\\/en\\\/guia-fondeo-alicante-normativa-calas\\\/\",\"url\":\"https:\\\/\\\/solobarcos.es\\\/en\\\/guia-fondeo-alicante-normativa-calas\\\/\",\"name\":\"Gu\u00eda de Fondeo en la Provincia de Alicante - Solo barcos\",\"isPartOf\":{\"@id\":\"https:\\\/\\\/solobarcos.es\\\/en\\\/#website\"},\"primaryImageOfPage\":{\"@id\":\"https:\\\/\\\/solobarcos.es\\\/en\\\/guia-fondeo-alicante-normativa-calas\\\/#primaryimage\"},\"image\":{\"@id\":\"https:\\\/\\\/solobarcos.es\\\/en\\\/guia-fondeo-alicante-normativa-calas\\\/#primaryimage\"},\"thumbnailUrl\":\"https:\\\/\\\/solobarcos.es\\\/wp-content\\\/uploads\\\/2026\\\/09\\\/pexels-ahmed-mk-719700982-33517221-scaled-e1788447718502.jpg\",\"datePublished\":\"2026-09-03T10:22:55+00:00\",\"dateModified\":\"2026-09-03T15:02:05+00:00\",\"description\":\"Gu\u00eda de Fondeo en la Provincia de Alicante Fondeaderos Descubre d\u00f3nde y c\u00f3mo fonder en Alicante. Consulta la normativa de Posidonia, campos de boyas y el listado completo de calas de Denia a Torrevieja.\",\"breadcrumb\":{\"@id\":\"https:\\\/\\\/solobarcos.es\\\/en\\\/guia-fondeo-alicante-normativa-calas\\\/#breadcrumb\"},\"inLanguage\":\"en-US\",\"potentialAction\":[{\"@type\":\"ReadAction\",\"target\":[\"https:\\\/\\\/solobarcos.es\\\/en\\\/guia-fondeo-alicante-normativa-calas\\\/\"]}]},{\"@type\":\"ImageObject\",\"inLanguage\":\"en-US\",\"@id\":\"https:\\\/\\\/solobarcos.es\\\/en\\\/guia-fondeo-alicante-normativa-calas\\\/#primaryimage\",\"url\":\"https:\\\/\\\/solobarcos.es\\\/wp-content\\\/uploads\\\/2026\\\/09\\\/pexels-ahmed-mk-719700982-33517221-scaled-e1788447718502.jpg\",\"contentUrl\":\"https:\\\/\\\/solobarcos.es\\\/wp-content\\\/uploads\\\/2026\\\/09\\\/pexels-ahmed-mk-719700982-33517221-scaled-e1788447718502.jpg\",\"width\":1430,\"height\":950},{\"@type\":\"BreadcrumbList\",\"@id\":\"https:\\\/\\\/solobarcos.es\\\/en\\\/guia-fondeo-alicante-normativa-calas\\\/#breadcrumb\",\"itemListElement\":[{\"@type\":\"ListItem\",\"position\":1,\"name\":\"Portada\",\"item\":\"https:\\\/\\\/solobarcos.es\\\/en\\\/\"},{\"@type\":\"ListItem\",\"position\":2,\"name\":\"Blog n\u00e1utico\",\"item\":\"https:\\\/\\\/solobarcos.es\\\/en\\\/category\\\/blog-en\\\/\"},{\"@type\":\"ListItem\",\"position\":3,\"name\":\"Fondeaderos\",\"item\":\"https:\\\/\\\/solobarcos.es\\\/en\\\/category\\\/blog\\\/fondeaderos\\\/\"},{\"@type\":\"ListItem\",\"position\":4,\"name\":\"Gu\u00eda de Fondeo en la Provincia de Alicante\"}]},{\"@type\":\"WebSite\",\"@id\":\"https:\\\/\\\/solobarcos.es\\\/en\\\/#website\",\"url\":\"https:\\\/\\\/solobarcos.es\\\/en\\\/\",\"name\":\"Solo barcos\",\"description\":\"Barcos de ocasi\u00f3n, alquiler de barcos y servicios n\u00e1uticos\",\"publisher\":{\"@id\":\"https:\\\/\\\/solobarcos.es\\\/en\\\/#organization\"},\"potentialAction\":[{\"@type\":\"SearchAction\",\"target\":{\"@type\":\"EntryPoint\",\"urlTemplate\":\"https:\\\/\\\/solobarcos.es\\\/en\\\/?s={search_term_string}\"},\"query-input\":{\"@type\":\"PropertyValueSpecification\",\"valueRequired\":true,\"valueName\":\"search_term_string\"}}],\"inLanguage\":\"en-US\"},{\"@type\":\"Organization\",\"@id\":\"https:\\\/\\\/solobarcos.es\\\/en\\\/#organization\",\"name\":\"Solo barcos\",\"url\":\"https:\\\/\\\/solobarcos.es\\\/en\\\/\",\"logo\":{\"@type\":\"ImageObject\",\"inLanguage\":\"en-US\",\"@id\":\"https:\\\/\\\/solobarcos.es\\\/en\\\/#\\\/schema\\\/logo\\\/image\\\/\",\"url\":\"https:\\\/\\\/www.solobarcos.es\\\/wp-content\\\/uploads\\\/2019\\\/08\\\/logo-solobarcos-e1565784080649.png\",\"contentUrl\":\"https:\\\/\\\/www.solobarcos.es\\\/wp-content\\\/uploads\\\/2019\\\/08\\\/logo-solobarcos-e1565784080649.png\",\"width\":256,\"height\":128,\"caption\":\"Solo barcos\"},\"image\":{\"@id\":\"https:\\\/\\\/solobarcos.es\\\/en\\\/#\\\/schema\\\/logo\\\/image\\\/\"},\"sameAs\":[\"http:\\\/\\\/www.facebook.com\\\/solobarcos.es\",\"https:\\\/\\\/www.instagram.com\\\/solobarcos.es\\\/\",\"https:\\\/\\\/www.linkedin.com\\\/company\\\/15810021\"]},{\"@type\":\"Person\",\"@id\":\"https:\\\/\\\/solobarcos.es\\\/en\\\/#\\\/schema\\\/person\\\/b57a7bb9365ac88fec2fa61b41cc385d\",\"name\":\"Rafa Terol\",\"image\":{\"@type\":\"ImageObject\",\"inLanguage\":\"en-US\",\"@id\":\"https:\\\/\\\/secure.gravatar.com\\\/avatar\\\/211a8b416995fd0b55c7d618ad47bcb22db72517b00db258a967c19bd2d4b787?s=96&d=mm&r=g\",\"url\":\"https:\\\/\\\/secure.gravatar.com\\\/avatar\\\/211a8b416995fd0b55c7d618ad47bcb22db72517b00db258a967c19bd2d4b787?s=96&d=mm&r=g\",\"contentUrl\":\"https:\\\/\\\/secure.gravatar.com\\\/avatar\\\/211a8b416995fd0b55c7d618ad47bcb22db72517b00db258a967c19bd2d4b787?s=96&d=mm&r=g\",\"caption\":\"Rafa Terol\"},\"description\":\"Avda. Pa\u00eds Valenci\u00e0 n\u00ba54 - Alcoy\",\"sameAs\":[\"https:\\\/\\\/www.solobarcos.es\",\"https:\\\/\\\/www.facebook.com\\\/solobarcos.es\",\"https:\\\/\\\/www.instagram.com\\\/solobarcos.es\\\/\",\"https:\\\/\\\/www.linkedin.com\\\/company\\\/solobarcos\"],\"url\":\"https:\\\/\\\/solobarcos.es\\\/en\\\/author\\\/rafael-terol\\\/\"}]}<\/script>\n<!-- \/ Yoast SEO plugin. -->","yoast_head_json":{"title":"Gu\u00eda de Fondeo en la Provincia de Alicante - Solo barcos","description":"Gu\u00eda de Fondeo en la Provincia de Alicante Fondeaderos Descubre d\u00f3nde y c\u00f3mo fonder en Alicante. Consulta la normativa de Posidonia, campos de boyas y el listado completo de calas de Denia a Torrevieja.","robots":{"index":"index","follow":"follow","max-snippet":"max-snippet:-1","max-image-preview":"max-image-preview:large","max-video-preview":"max-video-preview:-1"},"canonical":"https:\/\/solobarcos.es\/en\/guia-fondeo-alicante-normativa-calas\/","og_locale":"en_US","og_type":"article","og_title":"Gu\u00eda de Fondeo en la Provincia de Alicante - Solo barcos","og_description":"Gu\u00eda de Fondeo en la Provincia de Alicante Fondeaderos Descubre d\u00f3nde y c\u00f3mo fonder en Alicante. Consulta la normativa de Posidonia, campos de boyas y el listado completo de calas de Denia a Torrevieja.","og_url":"https:\/\/solobarcos.es\/en\/guia-fondeo-alicante-normativa-calas\/","og_site_name":"Solo barcos","article_publisher":"http:\/\/www.facebook.com\/solobarcos.es","article_author":"https:\/\/www.facebook.com\/solobarcos.es","article_published_time":"2026-09-03T10:22:55+00:00","article_modified_time":"2026-09-03T15:02:05+00:00","og_image":[{"width":1430,"height":950,"url":"https:\/\/solobarcos.es\/wp-content\/uploads\/2026\/09\/pexels-ahmed-mk-719700982-33517221-scaled-e1788447718502.jpg","type":"image\/jpeg"}],"author":"Rafa Terol","twitter_card":"summary_large_image","twitter_misc":{"Written by":"Rafa Terol","Est. reading time":"6 minutes"},"schema":{"@context":"https:\/\/schema.org","@graph":[{"@type":"Article","@id":"https:\/\/solobarcos.es\/en\/guia-fondeo-alicante-normativa-calas\/#article","isPartOf":{"@id":"https:\/\/solobarcos.es\/en\/guia-fondeo-alicante-normativa-calas\/"},"author":{"name":"Rafa Terol","@id":"https:\/\/solobarcos.es\/en\/#\/schema\/person\/b57a7bb9365ac88fec2fa61b41cc385d"},"headline":"Gu\u00eda de Fondeo en la Provincia de Alicante","datePublished":"2026-09-03T10:22:55+00:00","dateModified":"2026-09-03T15:02:05+00:00","mainEntityOfPage":{"@id":"https:\/\/solobarcos.es\/en\/guia-fondeo-alicante-normativa-calas\/"},"wordCount":1236,"publisher":{"@id":"https:\/\/solobarcos.es\/en\/#organization"},"image":{"@id":"https:\/\/solobarcos.es\/en\/guia-fondeo-alicante-normativa-calas\/#primaryimage"},"thumbnailUrl":"https:\/\/solobarcos.es\/wp-content\/uploads\/2026\/09\/pexels-ahmed-mk-719700982-33517221-scaled-e1788447718502.jpg","keywords":["Alicante","Benidorm","Cabo San Antonio","Cala Conill","D\u00e9nia","J\u00e1vea","Moraira"],"articleSection":["Blog n\u00e1utico","Fondeaderos"],"inLanguage":"en-US"},{"@type":"WebPage","@id":"https:\/\/solobarcos.es\/en\/guia-fondeo-alicante-normativa-calas\/","url":"https:\/\/solobarcos.es\/en\/guia-fondeo-alicante-normativa-calas\/","name":"Gu\u00eda de Fondeo en la Provincia de Alicante - Solo barcos","isPartOf":{"@id":"https:\/\/solobarcos.es\/en\/#website"},"primaryImageOfPage":{"@id":"https:\/\/solobarcos.es\/en\/guia-fondeo-alicante-normativa-calas\/#primaryimage"},"image":{"@id":"https:\/\/solobarcos.es\/en\/guia-fondeo-alicante-normativa-calas\/#primaryimage"},"thumbnailUrl":"https:\/\/solobarcos.es\/wp-content\/uploads\/2026\/09\/pexels-ahmed-mk-719700982-33517221-scaled-e1788447718502.jpg","datePublished":"2026-09-03T10:22:55+00:00","dateModified":"2026-09-03T15:02:05+00:00","description":"Gu\u00eda de Fondeo en la Provincia de Alicante Fondeaderos Descubre d\u00f3nde y c\u00f3mo fonder en Alicante. Consulta la normativa de Posidonia, campos de boyas y el listado completo de calas de Denia a Torrevieja.","breadcrumb":{"@id":"https:\/\/solobarcos.es\/en\/guia-fondeo-alicante-normativa-calas\/#breadcrumb"},"inLanguage":"en-US","potentialAction":[{"@type":"ReadAction","target":["https:\/\/solobarcos.es\/en\/guia-fondeo-alicante-normativa-calas\/"]}]},{"@type":"ImageObject","inLanguage":"en-US","@id":"https:\/\/solobarcos.es\/en\/guia-fondeo-alicante-normativa-calas\/#primaryimage","url":"https:\/\/solobarcos.es\/wp-content\/uploads\/2026\/09\/pexels-ahmed-mk-719700982-33517221-scaled-e1788447718502.jpg","contentUrl":"https:\/\/solobarcos.es\/wp-content\/uploads\/2026\/09\/pexels-ahmed-mk-719700982-33517221-scaled-e1788447718502.jpg","width":1430,"height":950},{"@type":"BreadcrumbList","@id":"https:\/\/solobarcos.es\/en\/guia-fondeo-alicante-normativa-calas\/#breadcrumb","itemListElement":[{"@type":"ListItem","position":1,"name":"Portada","item":"https:\/\/solobarcos.es\/en\/"},{"@type":"ListItem","position":2,"name":"Blog n\u00e1utico","item":"https:\/\/solobarcos.es\/en\/category\/blog-en\/"},{"@type":"ListItem","position":3,"name":"Fondeaderos","item":"https:\/\/solobarcos.es\/en\/category\/blog\/fondeaderos\/"},{"@type":"ListItem","position":4,"name":"Gu\u00eda de Fondeo en la Provincia de Alicante"}]},{"@type":"WebSite","@id":"https:\/\/solobarcos.es\/en\/#website","url":"https:\/\/solobarcos.es\/en\/","name":"Solo barcos","description":"Barcos de ocasi\u00f3n, alquiler de barcos y servicios n\u00e1uticos","publisher":{"@id":"https:\/\/solobarcos.es\/en\/#organization"},"potentialAction":[{"@type":"SearchAction","target":{"@type":"EntryPoint","urlTemplate":"https:\/\/solobarcos.es\/en\/?s={search_term_string}"},"query-input":{"@type":"PropertyValueSpecification","valueRequired":true,"valueName":"search_term_string"}}],"inLanguage":"en-US"},{"@type":"Organization","@id":"https:\/\/solobarcos.es\/en\/#organization","name":"Solo barcos","url":"https:\/\/solobarcos.es\/en\/","logo":{"@type":"ImageObject","inLanguage":"en-US","@id":"https:\/\/solobarcos.es\/en\/#\/schema\/logo\/image\/","url":"https:\/\/www.solobarcos.es\/wp-content\/uploads\/2019\/08\/logo-solobarcos-e1565784080649.png","contentUrl":"https:\/\/www.solobarcos.es\/wp-content\/uploads\/2019\/08\/logo-solobarcos-e1565784080649.png","width":256,"height":128,"caption":"Solo barcos"},"image":{"@id":"https:\/\/solobarcos.es\/en\/#\/schema\/logo\/image\/"},"sameAs":["http:\/\/www.facebook.com\/solobarcos.es","https:\/\/www.instagram.com\/solobarcos.es\/","https:\/\/www.linkedin.com\/company\/15810021"]},{"@type":"Person","@id":"https:\/\/solobarcos.es\/en\/#\/schema\/person\/b57a7bb9365ac88fec2fa61b41cc385d","name":"Rafa Terol","image":{"@type":"ImageObject","inLanguage":"en-US","@id":"https:\/\/secure.gravatar.com\/avatar\/211a8b416995fd0b55c7d618ad47bcb22db72517b00db258a967c19bd2d4b787?s=96&d=mm&r=g","url":"https:\/\/secure.gravatar.com\/avatar\/211a8b416995fd0b55c7d618ad47bcb22db72517b00db258a967c19bd2d4b787?s=96&d=mm&r=g","contentUrl":"https:\/\/secure.gravatar.com\/avatar\/211a8b416995fd0b55c7d618ad47bcb22db72517b00db258a967c19bd2d4b787?s=96&d=mm&r=g","caption":"Rafa Terol"},"description":"Avda. Pa\u00eds Valenci\u00e0 n\u00ba54 - Alcoy","sameAs":["https:\/\/www.solobarcos.es","https:\/\/www.facebook.com\/solobarcos.es","https:\/\/www.instagram.com\/solobarcos.es\/","https:\/\/www.linkedin.com\/company\/solobarcos"],"url":"https:\/\/solobarcos.es\/en\/author\/rafael-terol\/"}]}},"_links":{"self":[{"href":"https:\/\/solobarcos.es\/en\/wp-json\/wp\/v2\/posts\/52435","targetHints":{"allow":["GET"]}}],"collection":[{"href":"https:\/\/solobarcos.es\/en\/wp-json\/wp\/v2\/posts"}],"about":[{"href":"https:\/\/solobarcos.es\/en\/wp-json\/wp\/v2\/types\/post"}],"author":[{"embeddable":true,"href":"https:\/\/solobarcos.es\/en\/wp-json\/wp\/v2\/users\/1"}],"replies":[{"embeddable":true,"href":"https:\/\/solobarcos.es\/en\/wp-json\/wp\/v2\/comments?post=52435"}],"version-history":[{"count":16,"href":"https:\/\/solobarcos.es\/en\/wp-json\/wp\/v2\/posts\/52435\/revisions"}],"predecessor-version":[{"id":52446,"href":"https:\/\/solobarcos.es\/en\/wp-json\/wp\/v2\/posts\/52435\/revisions\/52446"}],"wp:featuredmedia":[{"embeddable":true,"href":"https:\/\/solobarcos.es\/en\/wp-json\/wp\/v2\/media\/52462"}],"wp:attachment":[{"href":"https:\/\/solobarcos.es\/en\/wp-json\/wp\/v2\/media?parent=52435"}],"wp:term":[{"taxonomy":"category","embeddable":true,"href":"https:\/\/solobarcos.es\/en\/wp-json\/wp\/v2\/categories?post=52435"},{"taxonomy":"post_tag","embeddable":true,"href":"https:\/\/solobarcos.es\/en\/wp-json\/wp\/v2\/tags?post=52435"}],"curies":[{"name":"wp","href":"https:\/\/api.w.org\/{rel}","templated":true}]}}