{"id":814,"date":"2015-08-21T16:35:15","date_gmt":"2015-08-21T16:35:15","guid":{"rendered":"https:\/\/www.solobarcos.es\/?p=814"},"modified":"2019-06-20T07:11:56","modified_gmt":"2019-06-20T07:11:56","slug":"diario-de-a-bordo-ibiza-formentera-2015","status":"publish","type":"post","link":"https:\/\/solobarcos.es\/en\/diario-de-a-bordo-ibiza-formentera-2015\/","title":{"rendered":"Diario de a bordo: Ibiza &#8211; Formentera 2015"},"content":{"rendered":"<p style=\"text-align: justify;\">Durante 6 d\u00edas fui a acompa\u00f1ar a unos amigos a las islas para pasar unas vacaciones que se convirtieron en una aventura inolvidable, desde pr\u00e1cticamente en el momento que subimos a bordo del Jeanneau Sun Odyssey 49i (similar a \u00e9ste), no dejaron de pasarnos cosas y tuvimos que soportar varias adversidades y roturas en el barco.<\/p>\n<p style=\"text-align: justify;\"><span style=\"text-decoration: underline;\"><strong>Dia 0 &#8211; miercoles 12 de agosto<\/strong><\/span><\/p>\n<p style=\"text-align: justify;\">La traves\u00eda la har\u00edamos el armador del barco y yo desde Valencia, donde quedamos la noche del mi\u00e9rcoles para dormir a bordo y as\u00ed poder levantarnos al d\u00eda siguiente pronto y poder zarpar, a las 22:00h llegamos al barco ya cenados y hablamos de la traves\u00eda del d\u00eda siguiente y lo que vamos a hacer.<\/p><div id=\"solob-3396764551\" class=\"solob-content-placement-after-3rd-paragraph solob-entity-placement\" style=\"margin-bottom: 5px;\"><a href=\"https:\/\/www.blueoceanibiza.com\/es\/alquiler-barcos-ibiza\/barco\/ref-613-de-antonio-d34-cea-iii\" target=\"_blank\" aria-label=\"horizontal-3\"><img src=\"https:\/\/solobarcos.es\/wp-content\/uploads\/2024\/07\/horizontal-3.gif\" alt=\"\"  class=\"no-lazyload\" width=\"640\" height=\"160\"   \/><\/a><\/div>\n<p style=\"text-align: justify;\"><span style=\"text-decoration: underline;\"><strong>Dia 1 &#8211; jueves 13 de agosto<br \/>\n<\/strong><\/span><\/p>\n<p style=\"text-align: justify;\">Nos levantamos a las 7 de la ma\u00f1ana y vamos al n\u00e1utico a desayunar. Despu\u00e9s entre llenado de dep\u00f3sitos de agua y de combustible zarpamos a las 10:00h de valencia.<\/p>\n<p style=\"text-align: justify;\">La traves\u00eda es un poco incomoda con 16 nudos de viento aunque nos viene de la aleta de popa, y navegamos a motor y con genova para ayudar un poco.<\/p>\n<p style=\"text-align: justify;\">A media tarde vemos delfines, en concreto 5, que nos pasan por la proa, pero no se quieren quedar con nosotros a jugar, as\u00ed es que no me d\u00e1 tiempo a hacer una foto, a su vez pienso que aunque dicen los marineros que ver delfines trae buena suerte, a mi me pasa lo contrario, siempre que veo, me acaba pasando algo&#8230;<\/p>\n<p style=\"text-align: justify;\">Llegamos a Ibiza sobre las 23:00h y buscamos un fondeadero donde estar seguros para el role que va a haber a las 3 de la ma\u00f1ana, sobre las 1:00 llegamos a port roig pero como est\u00e1 lleno optamos por irnos a cala Jondal, donde fondeamos y pasamos la noche durmiendo en cubierta puesto que tenemos que estar de guardia ya que tenemos megayates pegados a nosotros y tenemos que estar conscientes que si hay borneo o garreamos podemos irnos contra ellos.<\/p>\n<p style=\"text-align: justify;\">A las 5 de la ma\u00f1ana tenemos el motor en marcha porque hay bastante mar y los roles hacen que el borneo de los barcos pueda afectarnos y colisionar, de hecho nos ha tocado cambiar el fondeo dos veces, y a las 7 de la ma\u00f1ana ya vemos que estamos seguros y dormimos un rato.<\/p>\n<p style=\"text-align: justify;\"><span style=\"text-decoration: underline;\"><strong>Dia 2 &#8211; viernes 14 de agosto<br \/>\n<\/strong><\/span><\/p>\n<p style=\"text-align: justify;\">A las 9 arrancamos y nos vamos a Port roig, donde fondeamos en una boya privada de esas ilegales, pero el &#8220;due\u00f1o&#8221; nos ha dado permiso a no ser que la necesite. Esperamos a la familia del armador y a sus amigos, en total, 4 ni\u00f1os y 3 adultos m\u00e1s y aprovechamos para poner a punto el barco y ba\u00f1arnos. El tiempo es sensacional. Pero las previsiones no son buenas para la noche&#8230;<\/p>\n<p style=\"text-align: justify;\">A medida que pasa el dia, por el borneo, y por discusion con el del barco de al lado nos tenemos que ir de la boya en la que estamos porque estabamos muy juntos, asi es que fondeamos y pasamos el dia en port roig.<\/p>\n<p style=\"text-align: justify;\">Por la noche me quedo solo en el barco y me preparo pasta para cenar, que para ser la primera vez en mi vida que cocino no me salen mal, despues de cenar me quedo esperando a que vuelvan todos y me quedo dormido en cubierta, la mar de tranquilo y disfrutando del momento. Cuando llegan todos, nos acostamos.<\/p>\n<p style=\"text-align: justify;\"><span style=\"text-decoration: underline;\"><strong>Dia 3 &#8211; s\u00e1bado 15 de agosto<\/strong><\/span><\/p>\n<p style=\"text-align: justify;\">Durante toda la noche y tal como estaba previsto, habian empezado las tormentas, la primera\u00a0 nos despierta, pero vamos fuera y todo est\u00e1 correcto, a las 6 de la ma\u00f1ana suena otra tormenta con un trueno, que por el ruido que hace, estamos seguros que cay\u00f3 encima de nosotros, yo cre\u00eda que habia caido dentro de mi camarote. el armador y yo salimos fuera estaba cayendo la tormenta del siglo, seguro que unos 40kn de viento y lloviendo que no se veia nada. Al cabo de un rato vemos que gracias a que nuestro chinchorro se ha enganchado en una semirrigida que esta con una boya, no nos hemos ido a las rocas y encallado, nuestro dinghi a su vez se ha montado encima del dinghi de dicha semirrigida y la hemos destrozado, pero sabiendo que nos ha salvado no nos preocupa. Aprovechamos para amarrarnos a dicha boya y a abarloarnos a la semirrigida de unos 12 metros.<\/p>\n<p style=\"text-align: justify;\">Al cabo de un rato, ha venido el chico que trabaja para el armador de dicha lancha y nos dice que no podemos estar abarloados a su semirrigida, asi es que cuando arreglamos temas legales de su zodiac, nos vamos y fondeamos mas a fuera, al cabo de un rato, el barco que tenemos al lado deja su boya y la cogemos nosotros para pasar lo que queda de dia y tambi\u00e9n la noche puesto que las previsiones no son buenas y hasta las 20:00h no parece que vaya a mejorar.<\/p>\n<p style=\"text-align: justify;\">Nos damos cuenta que la electr\u00f3nica se ha roto, el rayo, si no nos cay\u00f3 encima, lo hizo muy cerca y revent\u00f3 la central de GPS, piloto autom\u00e1tico, sonda, veleta y dem\u00e1s, lo \u00fanico que funciona bien es la radio, que por cierto, nos meamos de la risa porque oimos un &#8220;MAYDAY&#8221; y previamente habiamos oido cohetes pero no estabamos seguros de que fueran, bueno, pues resulta, que el &#8220;MAYDAY&#8221; lo mand\u00f3 un catamar\u00e1n que casualmente estaba en la misma cala que nosotros y pidi\u00f3 mayday porque se le habia enredado su ancla con la del barco de al lado&#8230; Total que despues de esto, ya entiendo que seguro que lanzaron los cohetes, primero porque el que pidi\u00f3 la ayuda no tiene ni idea de c\u00f3mo se debe hacer y segundo porque viendo lo visto, lanzar un cohete de d\u00eda no tiene ning\u00fan sentido, es mal gastar los equipos de seguridad&#8230;, pienso ahora que encima, ahora est\u00e1n regalando las titulaciones y esto hace que la gente cada vez tenga menos idea de nada&#8230;<\/p>\n<p style=\"text-align: justify;\">Sobre las 17:00h lleg\u00f3 una embarcaci\u00f3n de asistencia mar\u00edtima, que simplemente dieron una vuelta y se fueron en seguida.<\/p>\n<p style=\"text-align: justify;\">Sobre las 18:30h llevo a la familia amiga del armador y a sus hijos con el chinchorro a la playa de Port roig para que cojan un taxi e irse a comprar comida y dar una vuelta, los que quedamos en el barco cenamos antes y esperamos a que vuelvan para que cenen y nos vamos a dormir todos porque estamos agotados por la noche anterior.<\/p>\n<p style=\"text-align: justify;\"><span style=\"text-decoration: underline;\"><strong>Dia 4 &#8211; domingo 16 de agosto<\/strong><\/span><\/p>\n<p style=\"text-align: justify;\">Nos levantamos sobre las 8:00h y habiendo descansado todos bastante, nos damos un ba\u00f1o matutino y despues, las mujeres preparan el desayuno y desayunamos todos juntos. Una vez todos preparados y el barco listo, ponemos rumbo a la Savina, donde entramos en la marina de Formentera para repostar combustible y despues amarramos para repostar agua, y yo aprovecho para pisar tierra porque hace tres dias que no la piso. Todos comemos en el &#8220;amarre 32&#8221; menos el armador y su hijo peque\u00f1o que se han quedado intentando arreglar los instrumentos que se habian estropeado por el rayo que cay\u00f3 cerca dos noches antes porque ha contactado con un mecanico y le pide 120\u20ac solo por venir a ver lo que pasa, asi es que al final hemos contactado con otro mecanico que nos atender\u00e1 ma\u00f1ana en san antonio.<\/p>\n<p style=\"text-align: justify;\">Cuando acabamos de comer, nos vamos a dar una vuelta por Illetes a ver barcos impresionantes pero hay una plaga enorme de medusas, asi es que optamos por no fondear y pasamos por espalmdador para luego poner rumbo a port roig donde tenemos la suerte de poder fondear en la misma boya que ayer, en el trayecto, los ni\u00f1os suben al chinchorro y les remolcamos con el velero.<\/p>\n<p style=\"text-align: justify;\">Los ni\u00f1os se ba\u00f1an y se tiran al agua por la banda de babor, yo despues me voy a nadar, pero hay una plaga de medusas y vuelvo enseguida, y , despues los amigos del armador me piden que les acompa\u00f1e a tierra porque quieren volver a ir ver cosas en Ibiza. Mientras, entran m\u00e1s barcos, vemos que tres de ellos abarloan y estan de fiesta, mas tarde, llegan los 4 que habian desembarcado y cenamos todos juntos, la sobremesa de la cena es estupenda, los ni\u00f1os y los adultos contamos historias alucinantes y m\u00e1s tarde nos quedamos las mujeres, los dos ni\u00f1os mayores y yo contando m\u00e1s historias y hablando de todo un poco y disfrutando de la noche puesto que la compa\u00f1\u00eda es inmejorable.<\/p>\n<p style=\"text-align: justify;\">Cuando nos vamos a dormir, oimos agua como que va y que viene, como si se tratara de un cubo cuando se mueve, as\u00ed es que levantamos el plan del comedor y nos damos cuenta que tiene casi un palmo de agua, la bomba de achique no la achica con lo cual nos damos cuenta que est\u00e1 estropeada, y por el color nos damos cuenta de que es agua limpia, que seguramente es agua dulce as\u00ed que la achicamos a mano con cubitos de pl\u00e1stico llenando un cubo grande, llegamos a vaciar tres cubos enteros.<\/p>\n<p style=\"text-align: justify;\">A la ma\u00f1ana siguiente ca\u00ed que era agua del d\u00eda de la tormenta puesto que entr\u00f3 much\u00edsima agua por el tambucho mientras lo abr\u00edamos para salir por la cortina de agua que ca\u00eda y tambien por el tambucho de proa, donde ten\u00edamos todas las defensas y cabos, que estuvo mucho tiempo abierto hasta que nos abarloamos a la semirigida que ten\u00edamos al lado.<\/p>\n<p style=\"text-align: justify;\"><span style=\"text-decoration: underline;\"><strong>Dia 5 &#8211; lunes 17 de agosto<\/strong><\/span><\/p>\n<p style=\"text-align: justify;\">Nos levantamos despues de una noche movidita puesto que Port Roig est\u00e1 protegida por todas partes menos del Sur, justo el viento que hab\u00eda soplado esta noche, y el mar ven\u00eda con fuerza durante la noche entera, el barco se movi\u00f3 m\u00e1s que un borracho a las 6 de la ma\u00f1ana&#8230;<\/p>\n<p style=\"text-align: justify;\">Desayunamos y nos ba\u00f1amos para posteriormente irnos hacia la parte Oeste de la isla, ex\u00e1ctamente hacia San Antonio, el mar est\u00e1 movidito y yo me llevo a los ni\u00f1os a Proa para que se sienten en la regala y que jueguen con las olas, se lo pasan genial. Cuando pasamos por Es vedr\u00e1, nos aventuramos y pasamos entre Conejera y tierra, ah\u00ed hay un bajo fondo y es un poco arriesgado pasar si no conoces la zona, pero nosotros nos aventuramos y puesto que no tenemos GPS porque lo fundi\u00f3 el rayo, nos fiamos del GPS del iPad.<\/p>\n<p style=\"text-align: justify;\">Fondeamos en la Cala Bassa esperando a que los mec\u00e1nicos de Raymarine nos avisen para ir a San Antonio y que nos puedan solucionar los da\u00f1os de la electronica, en dicha cala hay much\u00edsimos barcos grandes y peque\u00f1os, la previsi\u00f3n era que el viento ser\u00eda del sur, pero justo cuando llegamos, rola a norte y entra tanto el mar como el viento, mientras el 70% de los dem\u00e1s barcos que hay se van yendo del fondeadero, nosotros fondeamos y comimos ah\u00ed, escuchamos un Mayday de un barco que hab\u00eda roto el palo y estaba a unas 3 millas de San Antonio al cabo de unas horas lo vimos remolcado por el barco de salvamento mar\u00edtimo, parec\u00eda que se le habia soltado el Stay de proa y el palo lo ten\u00eda hacia popa completamente. Despues de comer dormimos una siesta bastante agradecida puesto que la noche anterior tampoco dormimos demasiado, el barco se hab\u00eda movido una barbaridad, lo \u00fanico que tranquilizaba era que estabamos fondeados en un muerto y sabiamos que no ibamos a garrear, pero a\u00fan as\u00ed costaba dormir.<\/p>\n<p style=\"text-align: justify;\">A las 19:30h ya est\u00e1bamos en un muerto del puerto de San Antonio, pero el mec\u00e1nico nos dice que hasta las 20:30h no llegar\u00eda, as\u00ed es que nos quedamos esperando, personalmente yo bastante nervioso porque al d\u00eda siguiente ten\u00eda que llevarme el barco con dos amigos, y viendo la previsi\u00f3n que era bastante mala para ir a Valencia, porque hab\u00eda mucha tormenta por la zona, y de hecho ve\u00edamos rel\u00e1mpagos desde el mismo puerto.<\/p>\n<p style=\"text-align: justify;\">Sobre las 21:00h llegaron los mec\u00e1nicos, dos personas, un chaval y su jefe, nos desmontan medio barco, ven que el problema es de la central (cosa que no era ninguna novedad para nosotros) y nos cascan una cantidad de dinero por estar dos horas y no solucionar nada que nos entraron ganas de no llevarles con el dinghi a la gasolinera&#8230;, pero bueno, esto es as\u00ed&#8230;<\/p>\n<p style=\"text-align: justify;\">Al final tuvimos que dejar la boya porque son del puerto y est\u00e1n asignadas a las embarcaciones que las piden y optamos por fondear con el ancla, como es un lugar tranquilo, no nos preocupa.<\/p>\n<p style=\"text-align: justify;\">Por la noche, barajabamos la posibilidad de dejar el barco en el puerto de San Antonio puesto que volverme yo solo con dos amigos, sin nada de electr\u00f3nica y tantas tormentas que habia en la previsi\u00f3n en la derrota, que estuvimos viendo muchas posibilidades, y al final de la noche, cerca de las 0:00h decidimos que viendo el parte como estaba, el armador me acompa\u00f1ar\u00eda y llevar\u00edamos el barco a D\u00e9nia, a las 07:00h zarpar\u00edamos y llegar\u00edamos sobre las 15:00h, y aventur\u00e1ndonos a que la previsi\u00f3n fuera correcta.<\/p>\n<p style=\"text-align: justify;\">Antes de acostarnos, el armador y yo estuvimos preparando el barco para la traves\u00eda y tambien deshinchamos el dinghi y lo guardamos.<\/p>\n<p style=\"text-align: justify;\">sobre las 02:00h nos acostamos.<\/p>\n<p style=\"text-align: justify;\"><span style=\"text-decoration: underline;\"><strong>Dia 6 &#8211; martes 18 de agosto<\/strong><\/span><\/p>\n<p style=\"text-align: justify;\">A las 06:00h nos levantamos todos, prepararon las maletas para desembarcar y llevamos el barco a un amarre que hay vac\u00edo para que lo hagan sin problema, ya es la despedida, unos se quedan en la isla para esperar coger el vuelo de la tarde y otros nos vamos a la pen\u00ednsula navegando, con la espera que la previsi\u00f3n sea acertada.<\/p>\n<p style=\"text-align: justify;\">A las 07:00h zarpamos a motor y ponemos rumbo hacia la isla de Conejera, donde una vez m\u00e1s, nos arriesgamos a pasar por los bajos y lo hacemos con \u00e9xito mientras vemos el espect\u00e1culo del amanecer en Ibiza, el mar est\u00e1 como un plato, y no hay viento, aprovechamos que hay cobertura para llamar al puerto de D\u00e9nia y reservar un amarre. El tim\u00f3n hay que llevarlo a mano puesto que no hay piloto autom\u00e1tico y como tampoco hay GPS, nos guiamos por el rumbo de aguja que nos marca el comp\u00e1s del barco, de vez en cuando miramos posici\u00f3n en el GPS Navionics del iPad (una maravilla de aplicaci\u00f3n, por cierto&#8230;) y vemos que vamos bien, gran parte de la traves\u00eda llevo yo el tim\u00f3n para que el armador, pueda aprovechar el tiempo para llamar a sus clientes y trabajar un poco, tambien aprovechamos tanto tiempo para hablar de cosas interesantes. Durante la traves\u00eda vemos dos remolinos (ciclones peque\u00f1itos) que tenemos a babor, a una milla o milla y media, esperamos que no vengan hacia nosotros, y salvo estos dos remolinos, la parte sur se ve despejada, pero a medida que vamos viendo la parte norte, la vemos m\u00e1s negra, con alg\u00fan que otro rayo y lluvias adem\u00e1s de estar el cielo todo nublado.<\/p>\n<p style=\"text-align: justify;\">A unas 6 millas de la llegada, aprovecho para darme una ducha con agua dulce en ducha de la popa del barco, puesto que todos estos d\u00edas pasados me hab\u00eda duchado y enjabonado con agua del mar, cosa que me gusta, pero de vez en cuando.<\/p>\n<p style=\"text-align: justify;\">Siendo las 14:00h m\u00e1s o menos el viento y el mar arrecian cada vez m\u00e1s y nos damos cuenta que el parte estaba acertando todo lo que dec\u00eda.<\/p>\n<p style=\"text-align: justify;\">Cuando llegamos a puerto, sobre las 15:00h, nos dan un amarre que es de la eslora, pero el barco que hay a babor, una Riva preciosa, es demasiado alta y nos va a molestar con la maniobra, y adem\u00e1s de ello, al poner paso atr\u00e1s, el motor se para y tenemos que meter el barco a mano, no sabemos cu\u00e1l es el misterio, pero el motor funciona perfectamente, pero cuando est\u00e1 caliente y se para, le cuesta arrancar.<\/p>\n<p style=\"text-align: justify;\">Luego ya amarrados, aprovechamos para comer y recoger el barco, orgullosos de haber podido vivir esta aventura y de poder haber devuelto el barco en perf\u00e9ctas condiciones (aunque sin electr\u00f3nica) pudiendo haber encallado en Port Roig perfectamente.<\/p>\n<p style=\"text-align: justify;\">[huge_it_gallery id=&#8221;15&#8243;]<\/p>\n<p style=\"text-align: justify;\"><span style=\"text-decoration: underline;\"><strong><em>Conclusi\u00f3n<\/em><\/strong><\/span><\/p>\n<p style=\"text-align: justify;\">Como siempre, en mi vida, saco conclusiones de las experiencias que vivo, en este caso debo reconocer que lo m\u00e1s positivo que saco es el poder haber compartido estos d\u00edas con gente tan maravillosa como la tripulaci\u00f3n que ven\u00eda, tanto los ni\u00f1os como los adultos son gente muy educada y muy simp\u00e1tica, he compartido momentos que nunca olvidar\u00e9, los momentos buenos (como las sobremesas con los ni\u00f1os y las historias que cont\u00e1bamos todos&#8230;) eran muy buenos, y los malos (la primera noche en Cala Jondal, las tormentas de la segunda noche, achicar el agua y dem\u00e1s&#8230;) se han sabido llevar de una forma muy serena y nadie se ha alterado en ninguno de los momentos. Yo reconozco que la \u00faltima noche si que estuve un poco nervioso por la previsi\u00f3n de la traves\u00eda hasta que el armador decidi\u00f3 que vendr\u00eda \u00e9l conmigo y me tranquilic\u00e9 al 100%.<\/p>\n<p style=\"text-align: justify;\">Agradecer a la tripulaci\u00f3n su comportamiento y que hayan sabido llevar todas las situaciones como lo hicieron, que a bordo todos supieron que los patrones eran quienes mandaban y hemos sabido que la convivencia (de las cosas m\u00e1s dificiles a bordo) es muy importante y que hay que ir todos a una.<\/p>\n<div id=\"solob-2670810997\" class=\"solob-despues-del-contenido solob-entity-placement\" style=\"margin-bottom: 5px;\"><a href=\"https:\/\/beexperience.es\/\" target=\"_blank\" aria-label=\"banner beexperience\"><img src=\"https:\/\/solobarcos.es\/wp-content\/uploads\/2022\/06\/banner-beexperience.png\" alt=\"\"  srcset=\"https:\/\/solobarcos.es\/wp-content\/uploads\/2022\/06\/banner-beexperience.png 800w, https:\/\/solobarcos.es\/wp-content\/uploads\/2022\/06\/banner-beexperience-300x75.png 300w, https:\/\/solobarcos.es\/wp-content\/uploads\/2022\/06\/banner-beexperience-640x160.png 640w, https:\/\/solobarcos.es\/wp-content\/uploads\/2022\/06\/banner-beexperience-768x192.png 768w, https:\/\/solobarcos.es\/wp-content\/uploads\/2022\/06\/banner-beexperience-750x188.png 750w\" sizes=\"(max-width: 800px) 100vw, 800px\" class=\"no-lazyload\" width=\"800\" height=\"200\"   \/><\/a><\/div>","protected":false},"excerpt":{"rendered":"<p>Durante 6 d\u00edas fui a acompa\u00f1ar a unos amigos a las islas para pasar unas vacaciones que se convirtieron en una aventura inolvidable, desde pr\u00e1cticamente en el momento que subimos a bordo del Jeanneau Sun Odyssey 49i (similar a \u00e9ste), no dejaron de pasarnos cosas y tuvimos que soportar varias adversidades y roturas en el&#8230;<\/p>\n","protected":false},"author":1,"featured_media":827,"comment_status":"open","ping_status":"open","sticky":false,"template":"","format":"standard","meta":{"footnotes":""},"categories":[18,1,56],"tags":[29,59,27,49,50,25,58,44,57,26,43,40,21,41,42,33],"class_list":["post-814","post","type-post","status-publish","format-standard","has-post-thumbnail","hentry","category-articulos-propios","category-blog","category-diario-de-a-bordo","tag-alquiler","tag-baleares","tag-barcos","tag-barcos-motor","tag-barcos-vela","tag-blog","tag-formentera","tag-gennaker","tag-ibiza","tag-nautica","tag-spinnaker","tag-trimado","tag-vela","tag-velas","tag-veleros","tag-yate"],"yoast_head":"<!-- This site is optimized with the Yoast SEO plugin v27.5 - https:\/\/yoast.com\/product\/yoast-seo-wordpress\/ -->\n<title>Diario de a bordo: Ibiza - Formentera 2015 - Solo barcos<\/title>\n<meta name=\"description\" content=\"Durante 6 d\u00edas fui a acompa\u00f1ar a unos amigos a las islas para pasar unas vacaciones que se convirtieron en una aventura inolvidable\" \/>\n<meta name=\"robots\" content=\"index, follow, max-snippet:-1, max-image-preview:large, max-video-preview:-1\" \/>\n<link rel=\"canonical\" href=\"https:\/\/solobarcos.es\/en\/diario-de-a-bordo-ibiza-formentera-2015\/\" \/>\n<meta property=\"og:locale\" content=\"en_US\" \/>\n<meta property=\"og:type\" content=\"article\" \/>\n<meta property=\"og:title\" content=\"Diario de a bordo: Ibiza - Formentera 2015 - Solo barcos\" \/>\n<meta property=\"og:description\" content=\"Durante 6 d\u00edas fui a acompa\u00f1ar a unos amigos a las islas para pasar unas vacaciones que se convirtieron en una aventura inolvidable\" \/>\n<meta property=\"og:url\" content=\"https:\/\/solobarcos.es\/en\/diario-de-a-bordo-ibiza-formentera-2015\/\" \/>\n<meta property=\"og:site_name\" content=\"Solo barcos\" \/>\n<meta property=\"article:publisher\" content=\"http:\/\/www.facebook.com\/solobarcos.es\" \/>\n<meta property=\"article:author\" content=\"https:\/\/www.facebook.com\/solobarcos.es\" \/>\n<meta property=\"article:published_time\" content=\"2015-08-21T16:35:15+00:00\" \/>\n<meta property=\"article:modified_time\" content=\"2019-06-20T07:11:56+00:00\" \/>\n<meta property=\"og:image\" content=\"https:\/\/solobarcos.es\/wp-content\/uploads\/2015\/08\/IMG_9191-Copiar.jpg\" \/>\n\t<meta property=\"og:image:width\" content=\"800\" \/>\n\t<meta property=\"og:image:height\" content=\"533\" \/>\n\t<meta property=\"og:image:type\" content=\"image\/jpeg\" \/>\n<meta name=\"author\" content=\"Rafa Terol\" \/>\n<meta name=\"twitter:card\" content=\"summary_large_image\" \/>\n<meta name=\"twitter:label1\" content=\"Written by\" \/>\n\t<meta name=\"twitter:data1\" content=\"Rafa Terol\" \/>\n\t<meta name=\"twitter:label2\" content=\"Est. reading time\" \/>\n\t<meta name=\"twitter:data2\" content=\"15 minutes\" \/>\n<script type=\"application\/ld+json\" class=\"yoast-schema-graph\">{\"@context\":\"https:\\\/\\\/schema.org\",\"@graph\":[{\"@type\":\"Article\",\"@id\":\"https:\\\/\\\/solobarcos.es\\\/en\\\/diario-de-a-bordo-ibiza-formentera-2015\\\/#article\",\"isPartOf\":{\"@id\":\"https:\\\/\\\/solobarcos.es\\\/en\\\/diario-de-a-bordo-ibiza-formentera-2015\\\/\"},\"author\":{\"name\":\"Rafa Terol\",\"@id\":\"https:\\\/\\\/solobarcos.es\\\/en\\\/#\\\/schema\\\/person\\\/b57a7bb9365ac88fec2fa61b41cc385d\"},\"headline\":\"Diario de a bordo: Ibiza &#8211; Formentera 2015\",\"datePublished\":\"2015-08-21T16:35:15+00:00\",\"dateModified\":\"2019-06-20T07:11:56+00:00\",\"mainEntityOfPage\":{\"@id\":\"https:\\\/\\\/solobarcos.es\\\/en\\\/diario-de-a-bordo-ibiza-formentera-2015\\\/\"},\"wordCount\":2991,\"commentCount\":0,\"publisher\":{\"@id\":\"https:\\\/\\\/solobarcos.es\\\/en\\\/#organization\"},\"image\":{\"@id\":\"https:\\\/\\\/solobarcos.es\\\/en\\\/diario-de-a-bordo-ibiza-formentera-2015\\\/#primaryimage\"},\"thumbnailUrl\":\"https:\\\/\\\/solobarcos.es\\\/wp-content\\\/uploads\\\/2015\\\/08\\\/IMG_9191-Copiar.jpg\",\"keywords\":[\"alquiler\",\"Baleares\",\"barcos\",\"barcos motor\",\"barcos vela\",\"blog\",\"Formentera\",\"gennaker\",\"Ibiza\",\"n\u00e1utica\",\"spinnaker\",\"Trimado\",\"vela\",\"velas\",\"veleros\",\"yate\"],\"articleSection\":[\"Art\u00edculos propios\",\"Blog n\u00e1utico\",\"Diario de a bordo\"],\"inLanguage\":\"en-US\",\"potentialAction\":[{\"@type\":\"CommentAction\",\"name\":\"Comment\",\"target\":[\"https:\\\/\\\/solobarcos.es\\\/en\\\/diario-de-a-bordo-ibiza-formentera-2015\\\/#respond\"]}]},{\"@type\":\"WebPage\",\"@id\":\"https:\\\/\\\/solobarcos.es\\\/en\\\/diario-de-a-bordo-ibiza-formentera-2015\\\/\",\"url\":\"https:\\\/\\\/solobarcos.es\\\/en\\\/diario-de-a-bordo-ibiza-formentera-2015\\\/\",\"name\":\"Diario de a bordo: Ibiza - Formentera 2015 - Solo barcos\",\"isPartOf\":{\"@id\":\"https:\\\/\\\/solobarcos.es\\\/en\\\/#website\"},\"primaryImageOfPage\":{\"@id\":\"https:\\\/\\\/solobarcos.es\\\/en\\\/diario-de-a-bordo-ibiza-formentera-2015\\\/#primaryimage\"},\"image\":{\"@id\":\"https:\\\/\\\/solobarcos.es\\\/en\\\/diario-de-a-bordo-ibiza-formentera-2015\\\/#primaryimage\"},\"thumbnailUrl\":\"https:\\\/\\\/solobarcos.es\\\/wp-content\\\/uploads\\\/2015\\\/08\\\/IMG_9191-Copiar.jpg\",\"datePublished\":\"2015-08-21T16:35:15+00:00\",\"dateModified\":\"2019-06-20T07:11:56+00:00\",\"description\":\"Durante 6 d\u00edas fui a acompa\u00f1ar a unos amigos a las islas para pasar unas vacaciones que se convirtieron en una aventura inolvidable\",\"breadcrumb\":{\"@id\":\"https:\\\/\\\/solobarcos.es\\\/en\\\/diario-de-a-bordo-ibiza-formentera-2015\\\/#breadcrumb\"},\"inLanguage\":\"en-US\",\"potentialAction\":[{\"@type\":\"ReadAction\",\"target\":[\"https:\\\/\\\/solobarcos.es\\\/en\\\/diario-de-a-bordo-ibiza-formentera-2015\\\/\"]}]},{\"@type\":\"ImageObject\",\"inLanguage\":\"en-US\",\"@id\":\"https:\\\/\\\/solobarcos.es\\\/en\\\/diario-de-a-bordo-ibiza-formentera-2015\\\/#primaryimage\",\"url\":\"https:\\\/\\\/solobarcos.es\\\/wp-content\\\/uploads\\\/2015\\\/08\\\/IMG_9191-Copiar.jpg\",\"contentUrl\":\"https:\\\/\\\/solobarcos.es\\\/wp-content\\\/uploads\\\/2015\\\/08\\\/IMG_9191-Copiar.jpg\",\"width\":800,\"height\":533},{\"@type\":\"BreadcrumbList\",\"@id\":\"https:\\\/\\\/solobarcos.es\\\/en\\\/diario-de-a-bordo-ibiza-formentera-2015\\\/#breadcrumb\",\"itemListElement\":[{\"@type\":\"ListItem\",\"position\":1,\"name\":\"Portada\",\"item\":\"https:\\\/\\\/solobarcos.es\\\/en\\\/\"},{\"@type\":\"ListItem\",\"position\":2,\"name\":\"Blog n\u00e1utico\",\"item\":\"https:\\\/\\\/solobarcos.es\\\/en\\\/category\\\/blog-en\\\/\"},{\"@type\":\"ListItem\",\"position\":3,\"name\":\"Art\u00edculos propios\",\"item\":\"https:\\\/\\\/solobarcos.es\\\/en\\\/category\\\/blog\\\/articulos-propios\\\/\"},{\"@type\":\"ListItem\",\"position\":4,\"name\":\"Diario de a bordo\",\"item\":\"https:\\\/\\\/solobarcos.es\\\/en\\\/category\\\/blog\\\/articulos-propios\\\/diario-de-a-bordo\\\/\"},{\"@type\":\"ListItem\",\"position\":5,\"name\":\"Diario de a bordo: Ibiza &#8211; Formentera 2015\"}]},{\"@type\":\"WebSite\",\"@id\":\"https:\\\/\\\/solobarcos.es\\\/en\\\/#website\",\"url\":\"https:\\\/\\\/solobarcos.es\\\/en\\\/\",\"name\":\"Solo barcos\",\"description\":\"Barcos de ocasi\u00f3n, alquiler de barcos y servicios n\u00e1uticos\",\"publisher\":{\"@id\":\"https:\\\/\\\/solobarcos.es\\\/en\\\/#organization\"},\"potentialAction\":[{\"@type\":\"SearchAction\",\"target\":{\"@type\":\"EntryPoint\",\"urlTemplate\":\"https:\\\/\\\/solobarcos.es\\\/en\\\/?s={search_term_string}\"},\"query-input\":{\"@type\":\"PropertyValueSpecification\",\"valueRequired\":true,\"valueName\":\"search_term_string\"}}],\"inLanguage\":\"en-US\"},{\"@type\":\"Organization\",\"@id\":\"https:\\\/\\\/solobarcos.es\\\/en\\\/#organization\",\"name\":\"Solo barcos\",\"url\":\"https:\\\/\\\/solobarcos.es\\\/en\\\/\",\"logo\":{\"@type\":\"ImageObject\",\"inLanguage\":\"en-US\",\"@id\":\"https:\\\/\\\/solobarcos.es\\\/en\\\/#\\\/schema\\\/logo\\\/image\\\/\",\"url\":\"https:\\\/\\\/www.solobarcos.es\\\/wp-content\\\/uploads\\\/2019\\\/08\\\/logo-solobarcos-e1565784080649.png\",\"contentUrl\":\"https:\\\/\\\/www.solobarcos.es\\\/wp-content\\\/uploads\\\/2019\\\/08\\\/logo-solobarcos-e1565784080649.png\",\"width\":256,\"height\":128,\"caption\":\"Solo barcos\"},\"image\":{\"@id\":\"https:\\\/\\\/solobarcos.es\\\/en\\\/#\\\/schema\\\/logo\\\/image\\\/\"},\"sameAs\":[\"http:\\\/\\\/www.facebook.com\\\/solobarcos.es\",\"https:\\\/\\\/www.instagram.com\\\/solobarcos.es\\\/\",\"https:\\\/\\\/www.linkedin.com\\\/company\\\/15810021\"]},{\"@type\":\"Person\",\"@id\":\"https:\\\/\\\/solobarcos.es\\\/en\\\/#\\\/schema\\\/person\\\/b57a7bb9365ac88fec2fa61b41cc385d\",\"name\":\"Rafa Terol\",\"image\":{\"@type\":\"ImageObject\",\"inLanguage\":\"en-US\",\"@id\":\"https:\\\/\\\/secure.gravatar.com\\\/avatar\\\/211a8b416995fd0b55c7d618ad47bcb22db72517b00db258a967c19bd2d4b787?s=96&d=mm&r=g\",\"url\":\"https:\\\/\\\/secure.gravatar.com\\\/avatar\\\/211a8b416995fd0b55c7d618ad47bcb22db72517b00db258a967c19bd2d4b787?s=96&d=mm&r=g\",\"contentUrl\":\"https:\\\/\\\/secure.gravatar.com\\\/avatar\\\/211a8b416995fd0b55c7d618ad47bcb22db72517b00db258a967c19bd2d4b787?s=96&d=mm&r=g\",\"caption\":\"Rafa Terol\"},\"description\":\"Avda. Pa\u00eds Valenci\u00e0 n\u00ba54 - Alcoy\",\"sameAs\":[\"https:\\\/\\\/www.solobarcos.es\",\"https:\\\/\\\/www.facebook.com\\\/solobarcos.es\",\"https:\\\/\\\/www.instagram.com\\\/solobarcos.es\\\/\",\"https:\\\/\\\/www.linkedin.com\\\/company\\\/solobarcos\"],\"url\":\"https:\\\/\\\/solobarcos.es\\\/en\\\/author\\\/rafael-terol\\\/\"}]}<\/script>\n<!-- \/ Yoast SEO plugin. -->","yoast_head_json":{"title":"Diario de a bordo: Ibiza - Formentera 2015 - Solo barcos","description":"Durante 6 d\u00edas fui a acompa\u00f1ar a unos amigos a las islas para pasar unas vacaciones que se convirtieron en una aventura inolvidable","robots":{"index":"index","follow":"follow","max-snippet":"max-snippet:-1","max-image-preview":"max-image-preview:large","max-video-preview":"max-video-preview:-1"},"canonical":"https:\/\/solobarcos.es\/en\/diario-de-a-bordo-ibiza-formentera-2015\/","og_locale":"en_US","og_type":"article","og_title":"Diario de a bordo: Ibiza - Formentera 2015 - Solo barcos","og_description":"Durante 6 d\u00edas fui a acompa\u00f1ar a unos amigos a las islas para pasar unas vacaciones que se convirtieron en una aventura inolvidable","og_url":"https:\/\/solobarcos.es\/en\/diario-de-a-bordo-ibiza-formentera-2015\/","og_site_name":"Solo barcos","article_publisher":"http:\/\/www.facebook.com\/solobarcos.es","article_author":"https:\/\/www.facebook.com\/solobarcos.es","article_published_time":"2015-08-21T16:35:15+00:00","article_modified_time":"2019-06-20T07:11:56+00:00","og_image":[{"width":800,"height":533,"url":"https:\/\/solobarcos.es\/wp-content\/uploads\/2015\/08\/IMG_9191-Copiar.jpg","type":"image\/jpeg"}],"author":"Rafa Terol","twitter_card":"summary_large_image","twitter_misc":{"Written by":"Rafa Terol","Est. reading time":"15 minutes"},"schema":{"@context":"https:\/\/schema.org","@graph":[{"@type":"Article","@id":"https:\/\/solobarcos.es\/en\/diario-de-a-bordo-ibiza-formentera-2015\/#article","isPartOf":{"@id":"https:\/\/solobarcos.es\/en\/diario-de-a-bordo-ibiza-formentera-2015\/"},"author":{"name":"Rafa Terol","@id":"https:\/\/solobarcos.es\/en\/#\/schema\/person\/b57a7bb9365ac88fec2fa61b41cc385d"},"headline":"Diario de a bordo: Ibiza &#8211; Formentera 2015","datePublished":"2015-08-21T16:35:15+00:00","dateModified":"2019-06-20T07:11:56+00:00","mainEntityOfPage":{"@id":"https:\/\/solobarcos.es\/en\/diario-de-a-bordo-ibiza-formentera-2015\/"},"wordCount":2991,"commentCount":0,"publisher":{"@id":"https:\/\/solobarcos.es\/en\/#organization"},"image":{"@id":"https:\/\/solobarcos.es\/en\/diario-de-a-bordo-ibiza-formentera-2015\/#primaryimage"},"thumbnailUrl":"https:\/\/solobarcos.es\/wp-content\/uploads\/2015\/08\/IMG_9191-Copiar.jpg","keywords":["alquiler","Baleares","barcos","barcos motor","barcos vela","blog","Formentera","gennaker","Ibiza","n\u00e1utica","spinnaker","Trimado","vela","velas","veleros","yate"],"articleSection":["Art\u00edculos propios","Blog n\u00e1utico","Diario de a bordo"],"inLanguage":"en-US","potentialAction":[{"@type":"CommentAction","name":"Comment","target":["https:\/\/solobarcos.es\/en\/diario-de-a-bordo-ibiza-formentera-2015\/#respond"]}]},{"@type":"WebPage","@id":"https:\/\/solobarcos.es\/en\/diario-de-a-bordo-ibiza-formentera-2015\/","url":"https:\/\/solobarcos.es\/en\/diario-de-a-bordo-ibiza-formentera-2015\/","name":"Diario de a bordo: Ibiza - Formentera 2015 - Solo barcos","isPartOf":{"@id":"https:\/\/solobarcos.es\/en\/#website"},"primaryImageOfPage":{"@id":"https:\/\/solobarcos.es\/en\/diario-de-a-bordo-ibiza-formentera-2015\/#primaryimage"},"image":{"@id":"https:\/\/solobarcos.es\/en\/diario-de-a-bordo-ibiza-formentera-2015\/#primaryimage"},"thumbnailUrl":"https:\/\/solobarcos.es\/wp-content\/uploads\/2015\/08\/IMG_9191-Copiar.jpg","datePublished":"2015-08-21T16:35:15+00:00","dateModified":"2019-06-20T07:11:56+00:00","description":"Durante 6 d\u00edas fui a acompa\u00f1ar a unos amigos a las islas para pasar unas vacaciones que se convirtieron en una aventura inolvidable","breadcrumb":{"@id":"https:\/\/solobarcos.es\/en\/diario-de-a-bordo-ibiza-formentera-2015\/#breadcrumb"},"inLanguage":"en-US","potentialAction":[{"@type":"ReadAction","target":["https:\/\/solobarcos.es\/en\/diario-de-a-bordo-ibiza-formentera-2015\/"]}]},{"@type":"ImageObject","inLanguage":"en-US","@id":"https:\/\/solobarcos.es\/en\/diario-de-a-bordo-ibiza-formentera-2015\/#primaryimage","url":"https:\/\/solobarcos.es\/wp-content\/uploads\/2015\/08\/IMG_9191-Copiar.jpg","contentUrl":"https:\/\/solobarcos.es\/wp-content\/uploads\/2015\/08\/IMG_9191-Copiar.jpg","width":800,"height":533},{"@type":"BreadcrumbList","@id":"https:\/\/solobarcos.es\/en\/diario-de-a-bordo-ibiza-formentera-2015\/#breadcrumb","itemListElement":[{"@type":"ListItem","position":1,"name":"Portada","item":"https:\/\/solobarcos.es\/en\/"},{"@type":"ListItem","position":2,"name":"Blog n\u00e1utico","item":"https:\/\/solobarcos.es\/en\/category\/blog-en\/"},{"@type":"ListItem","position":3,"name":"Art\u00edculos propios","item":"https:\/\/solobarcos.es\/en\/category\/blog\/articulos-propios\/"},{"@type":"ListItem","position":4,"name":"Diario de a bordo","item":"https:\/\/solobarcos.es\/en\/category\/blog\/articulos-propios\/diario-de-a-bordo\/"},{"@type":"ListItem","position":5,"name":"Diario de a bordo: Ibiza &#8211; Formentera 2015"}]},{"@type":"WebSite","@id":"https:\/\/solobarcos.es\/en\/#website","url":"https:\/\/solobarcos.es\/en\/","name":"Solo barcos","description":"Barcos de ocasi\u00f3n, alquiler de barcos y servicios n\u00e1uticos","publisher":{"@id":"https:\/\/solobarcos.es\/en\/#organization"},"potentialAction":[{"@type":"SearchAction","target":{"@type":"EntryPoint","urlTemplate":"https:\/\/solobarcos.es\/en\/?s={search_term_string}"},"query-input":{"@type":"PropertyValueSpecification","valueRequired":true,"valueName":"search_term_string"}}],"inLanguage":"en-US"},{"@type":"Organization","@id":"https:\/\/solobarcos.es\/en\/#organization","name":"Solo barcos","url":"https:\/\/solobarcos.es\/en\/","logo":{"@type":"ImageObject","inLanguage":"en-US","@id":"https:\/\/solobarcos.es\/en\/#\/schema\/logo\/image\/","url":"https:\/\/www.solobarcos.es\/wp-content\/uploads\/2019\/08\/logo-solobarcos-e1565784080649.png","contentUrl":"https:\/\/www.solobarcos.es\/wp-content\/uploads\/2019\/08\/logo-solobarcos-e1565784080649.png","width":256,"height":128,"caption":"Solo barcos"},"image":{"@id":"https:\/\/solobarcos.es\/en\/#\/schema\/logo\/image\/"},"sameAs":["http:\/\/www.facebook.com\/solobarcos.es","https:\/\/www.instagram.com\/solobarcos.es\/","https:\/\/www.linkedin.com\/company\/15810021"]},{"@type":"Person","@id":"https:\/\/solobarcos.es\/en\/#\/schema\/person\/b57a7bb9365ac88fec2fa61b41cc385d","name":"Rafa Terol","image":{"@type":"ImageObject","inLanguage":"en-US","@id":"https:\/\/secure.gravatar.com\/avatar\/211a8b416995fd0b55c7d618ad47bcb22db72517b00db258a967c19bd2d4b787?s=96&d=mm&r=g","url":"https:\/\/secure.gravatar.com\/avatar\/211a8b416995fd0b55c7d618ad47bcb22db72517b00db258a967c19bd2d4b787?s=96&d=mm&r=g","contentUrl":"https:\/\/secure.gravatar.com\/avatar\/211a8b416995fd0b55c7d618ad47bcb22db72517b00db258a967c19bd2d4b787?s=96&d=mm&r=g","caption":"Rafa Terol"},"description":"Avda. Pa\u00eds Valenci\u00e0 n\u00ba54 - Alcoy","sameAs":["https:\/\/www.solobarcos.es","https:\/\/www.facebook.com\/solobarcos.es","https:\/\/www.instagram.com\/solobarcos.es\/","https:\/\/www.linkedin.com\/company\/solobarcos"],"url":"https:\/\/solobarcos.es\/en\/author\/rafael-terol\/"}]}},"_links":{"self":[{"href":"https:\/\/solobarcos.es\/en\/wp-json\/wp\/v2\/posts\/814","targetHints":{"allow":["GET"]}}],"collection":[{"href":"https:\/\/solobarcos.es\/en\/wp-json\/wp\/v2\/posts"}],"about":[{"href":"https:\/\/solobarcos.es\/en\/wp-json\/wp\/v2\/types\/post"}],"author":[{"embeddable":true,"href":"https:\/\/solobarcos.es\/en\/wp-json\/wp\/v2\/users\/1"}],"replies":[{"embeddable":true,"href":"https:\/\/solobarcos.es\/en\/wp-json\/wp\/v2\/comments?post=814"}],"version-history":[{"count":0,"href":"https:\/\/solobarcos.es\/en\/wp-json\/wp\/v2\/posts\/814\/revisions"}],"wp:featuredmedia":[{"embeddable":true,"href":"https:\/\/solobarcos.es\/en\/wp-json\/wp\/v2\/media\/827"}],"wp:attachment":[{"href":"https:\/\/solobarcos.es\/en\/wp-json\/wp\/v2\/media?parent=814"}],"wp:term":[{"taxonomy":"category","embeddable":true,"href":"https:\/\/solobarcos.es\/en\/wp-json\/wp\/v2\/categories?post=814"},{"taxonomy":"post_tag","embeddable":true,"href":"https:\/\/solobarcos.es\/en\/wp-json\/wp\/v2\/tags?post=814"}],"curies":[{"name":"wp","href":"https:\/\/api.w.org\/{rel}","templated":true}]}}